{"id":1074,"date":"2018-01-10T20:31:31","date_gmt":"2018-01-10T19:31:31","guid":{"rendered":"https:\/\/www.taborcernypotok.cz\/detsky-tabor\/?p=1074"},"modified":"2018-01-10T20:34:30","modified_gmt":"2018-01-10T19:34:30","slug":"zimni-tabor-o-jarnich-prazdninach-2018","status":"publish","type":"post","link":"https:\/\/www.taborcernypotok.cz\/detsky-tabor\/2018\/01\/10\/zimni-tabor-o-jarnich-prazdninach-2018\/","title":{"rendered":"Zimn\u00ed t\u00e1bor o jarn\u00edch pr\u00e1zdnin\u00e1ch 2018"},"content":{"rendered":"<p><span style=\"font-weight: 400;\">P\u0159\u00e1tel\u00e9 \u2013 kamar\u00e1di,<\/span><\/p>\n<p><span style=\"font-weight: 400;\">p\u0159ejeme v\u00e1m jen to dobr\u00e9 v\u00a0roce 2018. Ji\u017e 3.rok v\u00e1m nab\u00edz\u00edme zimn\u00ed t\u00e1bor, kter\u00fd ji\u017e tradi\u010dn\u011b uspo\u0159\u00e1d\u00e1me v\u00a0dob\u011b jarn\u00edch pr\u00e1zdnin, tj. v\u00a0term\u00ednu 4. &#8211; 9.3. 2018. Letos jsme pro d\u011bti p\u0159ipravili tajemn\u00fd dobrodru\u017en\u00fd p\u0159\u00edb\u011bh o ztracen\u00e9 expedici v\u00a0peru\u00e1nsk\u00fdch And\u00e1ch. <\/span><\/p>\n<p><a href=\"https:\/\/www.taborcernypotok.cz\/detsky-tabor\/zimni-tabor\/2018-zahada-ztracene-expedice\/\"><span style=\"font-weight: 400;\">Bli\u017e\u0161\u00ed informace naleznete zde\u00a0\u00bb<\/span><\/a><\/p>\n","protected":false},"excerpt":{"rendered":"<p>P\u0159\u00e1tel\u00e9 \u2013 kamar\u00e1di, p\u0159ejeme v\u00e1m jen to dobr\u00e9 v\u00a0roce 2018. Ji\u017e 3.rok v\u00e1m nab\u00edz\u00edme zimn\u00ed t\u00e1bor, kter\u00fd ji\u017e tradi\u010dn\u011b uspo\u0159\u00e1d\u00e1me v\u00a0dob\u011b jarn\u00edch pr\u00e1zdnin, tj. v\u00a0term\u00ednu 4. &#8211; 9.3. 2018. Letos jsme pro d\u011bti p\u0159ipravili tajemn\u00fd dobrodru\u017en\u00fd p\u0159\u00edb\u011bh o ztracen\u00e9 expedici v\u00a0peru\u00e1nsk\u00fdch And\u00e1ch. Bli\u017e\u0161\u00ed informace naleznete zde\u00a0\u00bb<\/p>\n","protected":false},"author":1,"featured_media":0,"comment_status":"closed","ping_status":"open","sticky":false,"template":"","format":"standard","meta":{"footnotes":""},"categories":[1],"tags":[],"class_list":["post-1074","post","type-post","status-publish","format-standard","hentry","category-nezarazene"],"yoast_head":"<!-- This site is optimized with the Yoast SEO plugin v26.5 - https:\/\/yoast.com\/wordpress\/plugins\/seo\/ -->\n<title>Zimn\u00ed t\u00e1bor o jarn\u00edch pr\u00e1zdnin\u00e1ch 2018 - D\u011btsk\u00fd T\u00e1bor \u010cern\u00fd Potok<\/title>\n<meta name=\"robots\" content=\"index, follow, max-snippet:-1, max-image-preview:large, max-video-preview:-1\" \/>\n<link rel=\"canonical\" href=\"https:\/\/www.taborcernypotok.cz\/detsky-tabor\/2018\/01\/10\/zimni-tabor-o-jarnich-prazdninach-2018\/\" \/>\n<meta property=\"og:locale\" content=\"cs_CZ\" \/>\n<meta property=\"og:type\" content=\"article\" \/>\n<meta property=\"og:title\" content=\"Zimn\u00ed t\u00e1bor o jarn\u00edch pr\u00e1zdnin\u00e1ch 2018 - D\u011btsk\u00fd T\u00e1bor \u010cern\u00fd Potok\" \/>\n<meta property=\"og:description\" content=\"P\u0159\u00e1tel\u00e9 \u2013 kamar\u00e1di, p\u0159ejeme v\u00e1m jen to dobr\u00e9 v\u00a0roce 2018. Ji\u017e 3.rok v\u00e1m nab\u00edz\u00edme zimn\u00ed t\u00e1bor, kter\u00fd ji\u017e tradi\u010dn\u011b uspo\u0159\u00e1d\u00e1me v\u00a0dob\u011b jarn\u00edch pr\u00e1zdnin, tj. v\u00a0term\u00ednu 4. &#8211; 9.3. 2018. Letos jsme pro d\u011bti p\u0159ipravili tajemn\u00fd dobrodru\u017en\u00fd p\u0159\u00edb\u011bh o ztracen\u00e9 expedici v\u00a0peru\u00e1nsk\u00fdch And\u00e1ch. Bli\u017e\u0161\u00ed informace naleznete zde\u00a0\u00bb\" \/>\n<meta property=\"og:url\" content=\"https:\/\/www.taborcernypotok.cz\/detsky-tabor\/2018\/01\/10\/zimni-tabor-o-jarnich-prazdninach-2018\/\" \/>\n<meta property=\"og:site_name\" content=\"D\u011btsk\u00fd T\u00e1bor \u010cern\u00fd Potok\" \/>\n<meta property=\"article:published_time\" content=\"2018-01-10T19:31:31+00:00\" \/>\n<meta property=\"article:modified_time\" content=\"2018-01-10T19:34:30+00:00\" \/>\n<meta name=\"author\" content=\"taborcernypotok\" \/>\n<meta name=\"twitter:card\" content=\"summary_large_image\" \/>\n<meta name=\"twitter:label1\" content=\"Napsal(a)\" \/>\n\t<meta name=\"twitter:data1\" content=\"taborcernypotok\" \/>\n<script type=\"application\/ld+json\" class=\"yoast-schema-graph\">{\"@context\":\"https:\/\/schema.org\",\"@graph\":[{\"@type\":\"WebPage\",\"@id\":\"https:\/\/www.taborcernypotok.cz\/detsky-tabor\/2018\/01\/10\/zimni-tabor-o-jarnich-prazdninach-2018\/\",\"url\":\"https:\/\/www.taborcernypotok.cz\/detsky-tabor\/2018\/01\/10\/zimni-tabor-o-jarnich-prazdninach-2018\/\",\"name\":\"Zimn\u00ed t\u00e1bor o jarn\u00edch pr\u00e1zdnin\u00e1ch 2018 - D\u011btsk\u00fd T\u00e1bor \u010cern\u00fd Potok\",\"isPartOf\":{\"@id\":\"https:\/\/www.taborcernypotok.cz\/detsky-tabor\/#website\"},\"datePublished\":\"2018-01-10T19:31:31+00:00\",\"dateModified\":\"2018-01-10T19:34:30+00:00\",\"author\":{\"@id\":\"https:\/\/www.taborcernypotok.cz\/detsky-tabor\/#\/schema\/person\/2b4432730684eaa63b88c312fd7506dc\"},\"breadcrumb\":{\"@id\":\"https:\/\/www.taborcernypotok.cz\/detsky-tabor\/2018\/01\/10\/zimni-tabor-o-jarnich-prazdninach-2018\/#breadcrumb\"},\"inLanguage\":\"cs\",\"potentialAction\":[{\"@type\":\"ReadAction\",\"target\":[\"https:\/\/www.taborcernypotok.cz\/detsky-tabor\/2018\/01\/10\/zimni-tabor-o-jarnich-prazdninach-2018\/\"]}]},{\"@type\":\"BreadcrumbList\",\"@id\":\"https:\/\/www.taborcernypotok.cz\/detsky-tabor\/2018\/01\/10\/zimni-tabor-o-jarnich-prazdninach-2018\/#breadcrumb\",\"itemListElement\":[{\"@type\":\"ListItem\",\"position\":1,\"name\":\"Dom\u016f\",\"item\":\"https:\/\/www.taborcernypotok.cz\/detsky-tabor\/\"},{\"@type\":\"ListItem\",\"position\":2,\"name\":\"Zimn\u00ed t\u00e1bor o jarn\u00edch pr\u00e1zdnin\u00e1ch 2018\"}]},{\"@type\":\"WebSite\",\"@id\":\"https:\/\/www.taborcernypotok.cz\/detsky-tabor\/#website\",\"url\":\"https:\/\/www.taborcernypotok.cz\/detsky-tabor\/\",\"name\":\"D\u011btsk\u00fd T\u00e1bor \u010cern\u00fd Potok\",\"description\":\"D\u011btsk\u00e9 t\u00e1bory Rychlebsk\u00e9 Hory\",\"potentialAction\":[{\"@type\":\"SearchAction\",\"target\":{\"@type\":\"EntryPoint\",\"urlTemplate\":\"https:\/\/www.taborcernypotok.cz\/detsky-tabor\/?s={search_term_string}\"},\"query-input\":{\"@type\":\"PropertyValueSpecification\",\"valueRequired\":true,\"valueName\":\"search_term_string\"}}],\"inLanguage\":\"cs\"},{\"@type\":\"Person\",\"@id\":\"https:\/\/www.taborcernypotok.cz\/detsky-tabor\/#\/schema\/person\/2b4432730684eaa63b88c312fd7506dc\",\"name\":\"taborcernypotok\",\"image\":{\"@type\":\"ImageObject\",\"inLanguage\":\"cs\",\"@id\":\"https:\/\/www.taborcernypotok.cz\/detsky-tabor\/#\/schema\/person\/image\/\",\"url\":\"https:\/\/secure.gravatar.com\/avatar\/bd55e713f7a75e9335f179d7ba784940d8a6f4ac6fdf3475a9326f8f9e53f441?s=96&d=mm&r=g\",\"contentUrl\":\"https:\/\/secure.gravatar.com\/avatar\/bd55e713f7a75e9335f179d7ba784940d8a6f4ac6fdf3475a9326f8f9e53f441?s=96&d=mm&r=g\",\"caption\":\"taborcernypotok\"},\"url\":\"https:\/\/www.taborcernypotok.cz\/detsky-tabor\/author\/taborcernypotok\/\"}]}<\/script>\n<!-- \/ Yoast SEO plugin. -->","yoast_head_json":{"title":"Zimn\u00ed t\u00e1bor o jarn\u00edch pr\u00e1zdnin\u00e1ch 2018 - D\u011btsk\u00fd T\u00e1bor \u010cern\u00fd Potok","robots":{"index":"index","follow":"follow","max-snippet":"max-snippet:-1","max-image-preview":"max-image-preview:large","max-video-preview":"max-video-preview:-1"},"canonical":"https:\/\/www.taborcernypotok.cz\/detsky-tabor\/2018\/01\/10\/zimni-tabor-o-jarnich-prazdninach-2018\/","og_locale":"cs_CZ","og_type":"article","og_title":"Zimn\u00ed t\u00e1bor o jarn\u00edch pr\u00e1zdnin\u00e1ch 2018 - D\u011btsk\u00fd T\u00e1bor \u010cern\u00fd Potok","og_description":"P\u0159\u00e1tel\u00e9 \u2013 kamar\u00e1di, p\u0159ejeme v\u00e1m jen to dobr\u00e9 v\u00a0roce 2018. Ji\u017e 3.rok v\u00e1m nab\u00edz\u00edme zimn\u00ed t\u00e1bor, kter\u00fd ji\u017e tradi\u010dn\u011b uspo\u0159\u00e1d\u00e1me v\u00a0dob\u011b jarn\u00edch pr\u00e1zdnin, tj. v\u00a0term\u00ednu 4. &#8211; 9.3. 2018. Letos jsme pro d\u011bti p\u0159ipravili tajemn\u00fd dobrodru\u017en\u00fd p\u0159\u00edb\u011bh o ztracen\u00e9 expedici v\u00a0peru\u00e1nsk\u00fdch And\u00e1ch. Bli\u017e\u0161\u00ed informace naleznete zde\u00a0\u00bb","og_url":"https:\/\/www.taborcernypotok.cz\/detsky-tabor\/2018\/01\/10\/zimni-tabor-o-jarnich-prazdninach-2018\/","og_site_name":"D\u011btsk\u00fd T\u00e1bor \u010cern\u00fd Potok","article_published_time":"2018-01-10T19:31:31+00:00","article_modified_time":"2018-01-10T19:34:30+00:00","author":"taborcernypotok","twitter_card":"summary_large_image","twitter_misc":{"Napsal(a)":"taborcernypotok"},"schema":{"@context":"https:\/\/schema.org","@graph":[{"@type":"WebPage","@id":"https:\/\/www.taborcernypotok.cz\/detsky-tabor\/2018\/01\/10\/zimni-tabor-o-jarnich-prazdninach-2018\/","url":"https:\/\/www.taborcernypotok.cz\/detsky-tabor\/2018\/01\/10\/zimni-tabor-o-jarnich-prazdninach-2018\/","name":"Zimn\u00ed t\u00e1bor o jarn\u00edch pr\u00e1zdnin\u00e1ch 2018 - D\u011btsk\u00fd T\u00e1bor \u010cern\u00fd Potok","isPartOf":{"@id":"https:\/\/www.taborcernypotok.cz\/detsky-tabor\/#website"},"datePublished":"2018-01-10T19:31:31+00:00","dateModified":"2018-01-10T19:34:30+00:00","author":{"@id":"https:\/\/www.taborcernypotok.cz\/detsky-tabor\/#\/schema\/person\/2b4432730684eaa63b88c312fd7506dc"},"breadcrumb":{"@id":"https:\/\/www.taborcernypotok.cz\/detsky-tabor\/2018\/01\/10\/zimni-tabor-o-jarnich-prazdninach-2018\/#breadcrumb"},"inLanguage":"cs","potentialAction":[{"@type":"ReadAction","target":["https:\/\/www.taborcernypotok.cz\/detsky-tabor\/2018\/01\/10\/zimni-tabor-o-jarnich-prazdninach-2018\/"]}]},{"@type":"BreadcrumbList","@id":"https:\/\/www.taborcernypotok.cz\/detsky-tabor\/2018\/01\/10\/zimni-tabor-o-jarnich-prazdninach-2018\/#breadcrumb","itemListElement":[{"@type":"ListItem","position":1,"name":"Dom\u016f","item":"https:\/\/www.taborcernypotok.cz\/detsky-tabor\/"},{"@type":"ListItem","position":2,"name":"Zimn\u00ed t\u00e1bor o jarn\u00edch pr\u00e1zdnin\u00e1ch 2018"}]},{"@type":"WebSite","@id":"https:\/\/www.taborcernypotok.cz\/detsky-tabor\/#website","url":"https:\/\/www.taborcernypotok.cz\/detsky-tabor\/","name":"D\u011btsk\u00fd T\u00e1bor \u010cern\u00fd Potok","description":"D\u011btsk\u00e9 t\u00e1bory Rychlebsk\u00e9 Hory","potentialAction":[{"@type":"SearchAction","target":{"@type":"EntryPoint","urlTemplate":"https:\/\/www.taborcernypotok.cz\/detsky-tabor\/?s={search_term_string}"},"query-input":{"@type":"PropertyValueSpecification","valueRequired":true,"valueName":"search_term_string"}}],"inLanguage":"cs"},{"@type":"Person","@id":"https:\/\/www.taborcernypotok.cz\/detsky-tabor\/#\/schema\/person\/2b4432730684eaa63b88c312fd7506dc","name":"taborcernypotok","image":{"@type":"ImageObject","inLanguage":"cs","@id":"https:\/\/www.taborcernypotok.cz\/detsky-tabor\/#\/schema\/person\/image\/","url":"https:\/\/secure.gravatar.com\/avatar\/bd55e713f7a75e9335f179d7ba784940d8a6f4ac6fdf3475a9326f8f9e53f441?s=96&d=mm&r=g","contentUrl":"https:\/\/secure.gravatar.com\/avatar\/bd55e713f7a75e9335f179d7ba784940d8a6f4ac6fdf3475a9326f8f9e53f441?s=96&d=mm&r=g","caption":"taborcernypotok"},"url":"https:\/\/www.taborcernypotok.cz\/detsky-tabor\/author\/taborcernypotok\/"}]}},"_links":{"self":[{"href":"https:\/\/www.taborcernypotok.cz\/detsky-tabor\/wp-json\/wp\/v2\/posts\/1074","targetHints":{"allow":["GET"]}}],"collection":[{"href":"https:\/\/www.taborcernypotok.cz\/detsky-tabor\/wp-json\/wp\/v2\/posts"}],"about":[{"href":"https:\/\/www.taborcernypotok.cz\/detsky-tabor\/wp-json\/wp\/v2\/types\/post"}],"author":[{"embeddable":true,"href":"https:\/\/www.taborcernypotok.cz\/detsky-tabor\/wp-json\/wp\/v2\/users\/1"}],"replies":[{"embeddable":true,"href":"https:\/\/www.taborcernypotok.cz\/detsky-tabor\/wp-json\/wp\/v2\/comments?post=1074"}],"version-history":[{"count":2,"href":"https:\/\/www.taborcernypotok.cz\/detsky-tabor\/wp-json\/wp\/v2\/posts\/1074\/revisions"}],"predecessor-version":[{"id":1076,"href":"https:\/\/www.taborcernypotok.cz\/detsky-tabor\/wp-json\/wp\/v2\/posts\/1074\/revisions\/1076"}],"wp:attachment":[{"href":"https:\/\/www.taborcernypotok.cz\/detsky-tabor\/wp-json\/wp\/v2\/media?parent=1074"}],"wp:term":[{"taxonomy":"category","embeddable":true,"href":"https:\/\/www.taborcernypotok.cz\/detsky-tabor\/wp-json\/wp\/v2\/categories?post=1074"},{"taxonomy":"post_tag","embeddable":true,"href":"https:\/\/www.taborcernypotok.cz\/detsky-tabor\/wp-json\/wp\/v2\/tags?post=1074"}],"curies":[{"name":"wp","href":"https:\/\/api.w.org\/{rel}","templated":true}]}}