{"id":302,"date":"2017-02-20T22:13:35","date_gmt":"2017-02-20T21:13:35","guid":{"rendered":"https:\/\/www.taborcernypotok.cz\/detsky-tabor\/?p=302"},"modified":"2017-02-20T22:13:35","modified_gmt":"2017-02-20T21:13:35","slug":"promitani-v-kine-oko-uskutecnene-12-2-2017","status":"publish","type":"post","link":"https:\/\/www.taborcernypotok.cz\/detsky-tabor\/2017\/02\/20\/promitani-v-kine-oko-uskutecnene-12-2-2017\/","title":{"rendered":"Prom\u00edt\u00e1n\u00ed v kin\u011b OKO uskute\u010dn\u011bn\u00e9 12.2. 2017"},"content":{"rendered":"<p><strong>P\u0159\u00e1tel\u00e9 &#8211; kamar\u00e1di, mil\u00ed t\u00e1born\u00edci<\/strong>.<\/p>\n<p>V ned\u011bli 12.2.2017 jsme se se\u0161li v kin\u011b OKO na prom\u00edt\u00e1n\u00ed t\u00e1borov\u00e9ho filmu Ohl\u00e9dnut\u00ed 2016 a byl to pro mne velice kr\u00e1sn\u00fd z\u00e1\u017eitek. A to hned z n\u011bkolika d\u016fvod\u016f.<\/p>\n<p><strong>Za prv\u00e9<\/strong> &#8211; moc jsem se t\u011b\u0161il na film, kter\u00fd si vzali do sv\u00fdch rukou na\u0161i dlouholet\u00ed instrukto\u0159i Petr Jura\u010dka a Ondra Jan\u010da. Posh\u00e1n\u011bt a d\u00e1t dohromady\u00a0\u00a0v\u0161echny materi\u00e1ly z t\u00e1bora, zpracovat n\u011bkolik hodin filmov\u00fdch\u00a0z\u00e1b\u011br\u016f a sest\u0159\u00edhat je do n\u011bkolikaminutov\u00fdch sest\u0159ih\u016f, kter\u00e9 maj\u00ed vypr\u00e1v\u011bt p\u0159\u00edb\u011bhy jednotliv\u00fdch turnus\u016f, je obrovsk\u00e1 pr\u00e1ce. A kluci se j\u00ed zhostili na jedni\u010dku. Moc se jim to povedlo. Ho\u0161i d\u011bkujeme!!!<\/p>\n<p><strong>Za druh\u00e9<\/strong> &#8211; u\u017e si ani nepamatuji, kdy jsem vid\u011bl pln\u00e9 kino. A v ned\u011bli se mi to po\u0161t\u011bstilo a j\u00e1 zase\u00a0vid\u011bl tv\u00e1\u0159e t\u011bch, pro kter\u00e9 ka\u017ed\u00e9 l\u00e9to p\u0159ipravujeme a\u00a0\u017eijeme n\u00e1dhern\u00e9 dobrodru\u017en\u00e9 p\u0159\u00edb\u011bhy. A to byl opravdu n\u00e1dhern\u00fd pocit.<\/p>\n<p><strong>Za t\u0159et\u00ed<\/strong> &#8211; Vid\u011bt po p\u016flroce na\u0161e instruktory je pocit k nezaplacen\u00ed. Spousty z\u00e1\u017eitk\u016f,\u00a0mnoho \u00a0vzpom\u00ednek a pl\u00e1ny do budoucna. A hlavn\u011b setk\u00e1n\u00ed \u00fa\u017easn\u00fdch mlad\u00fdch lid\u00ed, kte\u0159\u00ed d\u00e1vaj\u00ed ze sebe to nejlep\u0161\u00ed stovk\u00e1m d\u011bt\u00ed na t\u00e1bo\u0159e \u010cern\u00fd Potok.<\/p>\n<p><strong>No, a za \u010dtvrt\u00e9<\/strong> &#8211; kdo by se net\u011b\u0161il na p\u0159edstaven\u00ed\u00a0 t\u00e9mat nov\u00fdch\u00a0turnus\u016f pro rok 2017. Je to p\u0159ece jako rozbalovat d\u00e1rky. Velk\u00e9 t\u011b\u0161en\u00ed a velk\u00e1 radost. A letos to bude par\u00e1da &#8211; ale to u\u017e p\u0159ece v\u00edte&#8230;<\/p>\n<p>A o tom v\u0161em je to na\u0161e ji\u017e tradi\u010dn\u00ed zimn\u00ed setk\u00e1n\u00ed v kin\u011b OKO. V\u0161em, kte\u0159\u00ed se na n\u011bm pod\u00edleli je\u0161t\u011b jednou moc d\u011bkuji.<\/p>\n<p>T\u011b\u0161\u00edme se na v\u00e1s.\u00a0 Roman Lipavsk\u00fd<\/p>\n<p>P.S. Na prom\u00edt\u00e1n\u00ed byl nalezen\u00a0mobil, kter\u00fd m\u00e1m u sebe. Majiteli ho r\u00e1d p\u0159ed\u00e1m.<\/p>\n<p>&nbsp;<\/p>\n","protected":false},"excerpt":{"rendered":"<p>P\u0159\u00e1tel\u00e9 &#8211; kamar\u00e1di, mil\u00ed t\u00e1born\u00edci. V ned\u011bli 12.2.2017 jsme se se\u0161li v kin\u011b OKO na prom\u00edt\u00e1n\u00ed t\u00e1borov\u00e9ho filmu Ohl\u00e9dnut\u00ed 2016 a byl to pro mne velice kr\u00e1sn\u00fd z\u00e1\u017eitek. A to hned z n\u011bkolika d\u016fvod\u016f. Za prv\u00e9 &#8211; moc jsem se t\u011b\u0161il na film, kter\u00fd si vzali do sv\u00fdch rukou na\u0161i dlouholet\u00ed instrukto\u0159i Petr Jura\u010dka a\u2026<\/p>\n","protected":false},"author":1,"featured_media":0,"comment_status":"open","ping_status":"open","sticky":false,"template":"","format":"standard","meta":{"footnotes":""},"categories":[1],"tags":[],"class_list":["post-302","post","type-post","status-publish","format-standard","hentry","category-nezarazene"],"yoast_head":"<!-- This site is optimized with the Yoast SEO plugin v26.5 - https:\/\/yoast.com\/wordpress\/plugins\/seo\/ -->\n<title>Prom\u00edt\u00e1n\u00ed v kin\u011b OKO uskute\u010dn\u011bn\u00e9 12.2. 2017 - D\u011btsk\u00fd T\u00e1bor \u010cern\u00fd Potok<\/title>\n<meta name=\"robots\" content=\"index, follow, max-snippet:-1, max-image-preview:large, max-video-preview:-1\" \/>\n<link rel=\"canonical\" href=\"https:\/\/www.taborcernypotok.cz\/detsky-tabor\/2017\/02\/20\/promitani-v-kine-oko-uskutecnene-12-2-2017\/\" \/>\n<meta property=\"og:locale\" content=\"cs_CZ\" \/>\n<meta property=\"og:type\" content=\"article\" \/>\n<meta property=\"og:title\" content=\"Prom\u00edt\u00e1n\u00ed v kin\u011b OKO uskute\u010dn\u011bn\u00e9 12.2. 2017 - D\u011btsk\u00fd T\u00e1bor \u010cern\u00fd Potok\" \/>\n<meta property=\"og:description\" content=\"P\u0159\u00e1tel\u00e9 &#8211; kamar\u00e1di, mil\u00ed t\u00e1born\u00edci. V ned\u011bli 12.2.2017 jsme se se\u0161li v kin\u011b OKO na prom\u00edt\u00e1n\u00ed t\u00e1borov\u00e9ho filmu Ohl\u00e9dnut\u00ed 2016 a byl to pro mne velice kr\u00e1sn\u00fd z\u00e1\u017eitek. A to hned z n\u011bkolika d\u016fvod\u016f. Za prv\u00e9 &#8211; moc jsem se t\u011b\u0161il na film, kter\u00fd si vzali do sv\u00fdch rukou na\u0161i dlouholet\u00ed instrukto\u0159i Petr Jura\u010dka a\u2026\" \/>\n<meta property=\"og:url\" content=\"https:\/\/www.taborcernypotok.cz\/detsky-tabor\/2017\/02\/20\/promitani-v-kine-oko-uskutecnene-12-2-2017\/\" \/>\n<meta property=\"og:site_name\" content=\"D\u011btsk\u00fd T\u00e1bor \u010cern\u00fd Potok\" \/>\n<meta property=\"article:published_time\" content=\"2017-02-20T21:13:35+00:00\" \/>\n<meta name=\"author\" content=\"taborcernypotok\" \/>\n<meta name=\"twitter:card\" content=\"summary_large_image\" \/>\n<meta name=\"twitter:label1\" content=\"Napsal(a)\" \/>\n\t<meta name=\"twitter:data1\" content=\"taborcernypotok\" \/>\n\t<meta name=\"twitter:label2\" content=\"Odhadovan\u00e1 doba \u010dten\u00ed\" \/>\n\t<meta name=\"twitter:data2\" content=\"2 minuty\" \/>\n<script type=\"application\/ld+json\" class=\"yoast-schema-graph\">{\"@context\":\"https:\/\/schema.org\",\"@graph\":[{\"@type\":\"WebPage\",\"@id\":\"https:\/\/www.taborcernypotok.cz\/detsky-tabor\/2017\/02\/20\/promitani-v-kine-oko-uskutecnene-12-2-2017\/\",\"url\":\"https:\/\/www.taborcernypotok.cz\/detsky-tabor\/2017\/02\/20\/promitani-v-kine-oko-uskutecnene-12-2-2017\/\",\"name\":\"Prom\u00edt\u00e1n\u00ed v kin\u011b OKO uskute\u010dn\u011bn\u00e9 12.2. 2017 - D\u011btsk\u00fd T\u00e1bor \u010cern\u00fd Potok\",\"isPartOf\":{\"@id\":\"https:\/\/www.taborcernypotok.cz\/detsky-tabor\/#website\"},\"datePublished\":\"2017-02-20T21:13:35+00:00\",\"author\":{\"@id\":\"https:\/\/www.taborcernypotok.cz\/detsky-tabor\/#\/schema\/person\/2b4432730684eaa63b88c312fd7506dc\"},\"breadcrumb\":{\"@id\":\"https:\/\/www.taborcernypotok.cz\/detsky-tabor\/2017\/02\/20\/promitani-v-kine-oko-uskutecnene-12-2-2017\/#breadcrumb\"},\"inLanguage\":\"cs\",\"potentialAction\":[{\"@type\":\"ReadAction\",\"target\":[\"https:\/\/www.taborcernypotok.cz\/detsky-tabor\/2017\/02\/20\/promitani-v-kine-oko-uskutecnene-12-2-2017\/\"]}]},{\"@type\":\"BreadcrumbList\",\"@id\":\"https:\/\/www.taborcernypotok.cz\/detsky-tabor\/2017\/02\/20\/promitani-v-kine-oko-uskutecnene-12-2-2017\/#breadcrumb\",\"itemListElement\":[{\"@type\":\"ListItem\",\"position\":1,\"name\":\"Dom\u016f\",\"item\":\"https:\/\/www.taborcernypotok.cz\/detsky-tabor\/\"},{\"@type\":\"ListItem\",\"position\":2,\"name\":\"Prom\u00edt\u00e1n\u00ed v kin\u011b OKO uskute\u010dn\u011bn\u00e9 12.2. 2017\"}]},{\"@type\":\"WebSite\",\"@id\":\"https:\/\/www.taborcernypotok.cz\/detsky-tabor\/#website\",\"url\":\"https:\/\/www.taborcernypotok.cz\/detsky-tabor\/\",\"name\":\"D\u011btsk\u00fd T\u00e1bor \u010cern\u00fd Potok\",\"description\":\"D\u011btsk\u00e9 t\u00e1bory Rychlebsk\u00e9 Hory\",\"potentialAction\":[{\"@type\":\"SearchAction\",\"target\":{\"@type\":\"EntryPoint\",\"urlTemplate\":\"https:\/\/www.taborcernypotok.cz\/detsky-tabor\/?s={search_term_string}\"},\"query-input\":{\"@type\":\"PropertyValueSpecification\",\"valueRequired\":true,\"valueName\":\"search_term_string\"}}],\"inLanguage\":\"cs\"},{\"@type\":\"Person\",\"@id\":\"https:\/\/www.taborcernypotok.cz\/detsky-tabor\/#\/schema\/person\/2b4432730684eaa63b88c312fd7506dc\",\"name\":\"taborcernypotok\",\"image\":{\"@type\":\"ImageObject\",\"inLanguage\":\"cs\",\"@id\":\"https:\/\/www.taborcernypotok.cz\/detsky-tabor\/#\/schema\/person\/image\/\",\"url\":\"https:\/\/secure.gravatar.com\/avatar\/bd55e713f7a75e9335f179d7ba784940d8a6f4ac6fdf3475a9326f8f9e53f441?s=96&d=mm&r=g\",\"contentUrl\":\"https:\/\/secure.gravatar.com\/avatar\/bd55e713f7a75e9335f179d7ba784940d8a6f4ac6fdf3475a9326f8f9e53f441?s=96&d=mm&r=g\",\"caption\":\"taborcernypotok\"},\"url\":\"https:\/\/www.taborcernypotok.cz\/detsky-tabor\/author\/taborcernypotok\/\"}]}<\/script>\n<!-- \/ Yoast SEO plugin. -->","yoast_head_json":{"title":"Prom\u00edt\u00e1n\u00ed v kin\u011b OKO uskute\u010dn\u011bn\u00e9 12.2. 2017 - D\u011btsk\u00fd T\u00e1bor \u010cern\u00fd Potok","robots":{"index":"index","follow":"follow","max-snippet":"max-snippet:-1","max-image-preview":"max-image-preview:large","max-video-preview":"max-video-preview:-1"},"canonical":"https:\/\/www.taborcernypotok.cz\/detsky-tabor\/2017\/02\/20\/promitani-v-kine-oko-uskutecnene-12-2-2017\/","og_locale":"cs_CZ","og_type":"article","og_title":"Prom\u00edt\u00e1n\u00ed v kin\u011b OKO uskute\u010dn\u011bn\u00e9 12.2. 2017 - D\u011btsk\u00fd T\u00e1bor \u010cern\u00fd Potok","og_description":"P\u0159\u00e1tel\u00e9 &#8211; kamar\u00e1di, mil\u00ed t\u00e1born\u00edci. V ned\u011bli 12.2.2017 jsme se se\u0161li v kin\u011b OKO na prom\u00edt\u00e1n\u00ed t\u00e1borov\u00e9ho filmu Ohl\u00e9dnut\u00ed 2016 a byl to pro mne velice kr\u00e1sn\u00fd z\u00e1\u017eitek. A to hned z n\u011bkolika d\u016fvod\u016f. Za prv\u00e9 &#8211; moc jsem se t\u011b\u0161il na film, kter\u00fd si vzali do sv\u00fdch rukou na\u0161i dlouholet\u00ed instrukto\u0159i Petr Jura\u010dka a\u2026","og_url":"https:\/\/www.taborcernypotok.cz\/detsky-tabor\/2017\/02\/20\/promitani-v-kine-oko-uskutecnene-12-2-2017\/","og_site_name":"D\u011btsk\u00fd T\u00e1bor \u010cern\u00fd Potok","article_published_time":"2017-02-20T21:13:35+00:00","author":"taborcernypotok","twitter_card":"summary_large_image","twitter_misc":{"Napsal(a)":"taborcernypotok","Odhadovan\u00e1 doba \u010dten\u00ed":"2 minuty"},"schema":{"@context":"https:\/\/schema.org","@graph":[{"@type":"WebPage","@id":"https:\/\/www.taborcernypotok.cz\/detsky-tabor\/2017\/02\/20\/promitani-v-kine-oko-uskutecnene-12-2-2017\/","url":"https:\/\/www.taborcernypotok.cz\/detsky-tabor\/2017\/02\/20\/promitani-v-kine-oko-uskutecnene-12-2-2017\/","name":"Prom\u00edt\u00e1n\u00ed v kin\u011b OKO uskute\u010dn\u011bn\u00e9 12.2. 2017 - D\u011btsk\u00fd T\u00e1bor \u010cern\u00fd Potok","isPartOf":{"@id":"https:\/\/www.taborcernypotok.cz\/detsky-tabor\/#website"},"datePublished":"2017-02-20T21:13:35+00:00","author":{"@id":"https:\/\/www.taborcernypotok.cz\/detsky-tabor\/#\/schema\/person\/2b4432730684eaa63b88c312fd7506dc"},"breadcrumb":{"@id":"https:\/\/www.taborcernypotok.cz\/detsky-tabor\/2017\/02\/20\/promitani-v-kine-oko-uskutecnene-12-2-2017\/#breadcrumb"},"inLanguage":"cs","potentialAction":[{"@type":"ReadAction","target":["https:\/\/www.taborcernypotok.cz\/detsky-tabor\/2017\/02\/20\/promitani-v-kine-oko-uskutecnene-12-2-2017\/"]}]},{"@type":"BreadcrumbList","@id":"https:\/\/www.taborcernypotok.cz\/detsky-tabor\/2017\/02\/20\/promitani-v-kine-oko-uskutecnene-12-2-2017\/#breadcrumb","itemListElement":[{"@type":"ListItem","position":1,"name":"Dom\u016f","item":"https:\/\/www.taborcernypotok.cz\/detsky-tabor\/"},{"@type":"ListItem","position":2,"name":"Prom\u00edt\u00e1n\u00ed v kin\u011b OKO uskute\u010dn\u011bn\u00e9 12.2. 2017"}]},{"@type":"WebSite","@id":"https:\/\/www.taborcernypotok.cz\/detsky-tabor\/#website","url":"https:\/\/www.taborcernypotok.cz\/detsky-tabor\/","name":"D\u011btsk\u00fd T\u00e1bor \u010cern\u00fd Potok","description":"D\u011btsk\u00e9 t\u00e1bory Rychlebsk\u00e9 Hory","potentialAction":[{"@type":"SearchAction","target":{"@type":"EntryPoint","urlTemplate":"https:\/\/www.taborcernypotok.cz\/detsky-tabor\/?s={search_term_string}"},"query-input":{"@type":"PropertyValueSpecification","valueRequired":true,"valueName":"search_term_string"}}],"inLanguage":"cs"},{"@type":"Person","@id":"https:\/\/www.taborcernypotok.cz\/detsky-tabor\/#\/schema\/person\/2b4432730684eaa63b88c312fd7506dc","name":"taborcernypotok","image":{"@type":"ImageObject","inLanguage":"cs","@id":"https:\/\/www.taborcernypotok.cz\/detsky-tabor\/#\/schema\/person\/image\/","url":"https:\/\/secure.gravatar.com\/avatar\/bd55e713f7a75e9335f179d7ba784940d8a6f4ac6fdf3475a9326f8f9e53f441?s=96&d=mm&r=g","contentUrl":"https:\/\/secure.gravatar.com\/avatar\/bd55e713f7a75e9335f179d7ba784940d8a6f4ac6fdf3475a9326f8f9e53f441?s=96&d=mm&r=g","caption":"taborcernypotok"},"url":"https:\/\/www.taborcernypotok.cz\/detsky-tabor\/author\/taborcernypotok\/"}]}},"_links":{"self":[{"href":"https:\/\/www.taborcernypotok.cz\/detsky-tabor\/wp-json\/wp\/v2\/posts\/302","targetHints":{"allow":["GET"]}}],"collection":[{"href":"https:\/\/www.taborcernypotok.cz\/detsky-tabor\/wp-json\/wp\/v2\/posts"}],"about":[{"href":"https:\/\/www.taborcernypotok.cz\/detsky-tabor\/wp-json\/wp\/v2\/types\/post"}],"author":[{"embeddable":true,"href":"https:\/\/www.taborcernypotok.cz\/detsky-tabor\/wp-json\/wp\/v2\/users\/1"}],"replies":[{"embeddable":true,"href":"https:\/\/www.taborcernypotok.cz\/detsky-tabor\/wp-json\/wp\/v2\/comments?post=302"}],"version-history":[{"count":1,"href":"https:\/\/www.taborcernypotok.cz\/detsky-tabor\/wp-json\/wp\/v2\/posts\/302\/revisions"}],"predecessor-version":[{"id":303,"href":"https:\/\/www.taborcernypotok.cz\/detsky-tabor\/wp-json\/wp\/v2\/posts\/302\/revisions\/303"}],"wp:attachment":[{"href":"https:\/\/www.taborcernypotok.cz\/detsky-tabor\/wp-json\/wp\/v2\/media?parent=302"}],"wp:term":[{"taxonomy":"category","embeddable":true,"href":"https:\/\/www.taborcernypotok.cz\/detsky-tabor\/wp-json\/wp\/v2\/categories?post=302"},{"taxonomy":"post_tag","embeddable":true,"href":"https:\/\/www.taborcernypotok.cz\/detsky-tabor\/wp-json\/wp\/v2\/tags?post=302"}],"curies":[{"name":"wp","href":"https:\/\/api.w.org\/{rel}","templated":true}]}}