{"id":304,"date":"2017-02-21T09:00:27","date_gmt":"2017-02-21T08:00:27","guid":{"rendered":"https:\/\/www.taborcernypotok.cz\/detsky-tabor\/?p=304"},"modified":"2017-02-20T22:18:07","modified_gmt":"2017-02-20T21:18:07","slug":"co-nas-ceka-v-nejblizsi-dobe","status":"publish","type":"post","link":"https:\/\/www.taborcernypotok.cz\/detsky-tabor\/2017\/02\/21\/co-nas-ceka-v-nejblizsi-dobe\/","title":{"rendered":"Co n\u00e1s \u010dek\u00e1 v nejbli\u017e\u0161\u00ed dob\u011b&#8230;"},"content":{"rendered":"<p>Ji\u017e tuto ned\u011bli 26.2.2017 se rozpout\u00e1 <strong>ZLAT\u00c1 HORE\u010cKA NA ALJA\u0160CE<\/strong>. Expedice dobrodruh\u016f a zlatokop\u016f vyraz\u00ed po stop\u00e1ch ztracen\u00e9 mapy Roberta Hendersona, kter\u00fd ozna\u010dil nalezi\u0161t\u011b zlata na Kr\u00e1li\u010d\u00edm potoce t\u0159emi \u010derven\u00fdmi kameny. A cel\u00fd nap\u00ednav\u00fd dobrodru\u017en\u00fd p\u0159\u00edb\u011bh za\u010dne nab\u00edrat na obr\u00e1tk\u00e1ch po setk\u00e1n\u00ed s jeho synem, kter\u00fd ani netu\u0161il, co bylo schov\u00e1no v mal\u00e9 d\u0159ev\u011bn\u00e9 truhle v polorozpadl\u00e9m srubu, kdesi v hust\u00fdch les\u00edch na \u0159ece Klondike.<\/p>\n<p>N\u00e1\u0161 zimn\u00ed t\u00e1bor se uskute\u010dn\u00ed na hotelu <strong>Reoneo ve Vern\u00ed\u0159ovicich<\/strong> a v okoln\u00ed n\u00e1dhern\u00e9 p\u0159\u00edrod\u011b v dob\u011b \u0161umpersk\u00fdch jarn\u00edch pr\u00e1zdnin. <strong>A n\u011bkolik posledn\u00edch m\u00edst je je\u0161t\u011b voln\u00fdch.<\/strong><\/p>\n<p>A s kter\u00fdmi instruktory se tam potk\u00e1te?<\/p>\n<p><strong>Petr Nitsche, Martin Krystek, Ondra Jan\u010da, Viktor Tich\u00fd , Radek Zatloukal, M\u00ed\u0161a Volkov\u00e1 a Roman Lipavsk\u00fd<\/strong><\/p>\n<p>O zimn\u00edm t\u00e1bo\u0159e se v\u00edce do\u010dtete\u00a0v sekci <strong><a href=\"https:\/\/www.taborcernypotok.cz\/detsky-tabor\/zimni-tabor\/\">ZIMN\u00cd T\u00c1BOR<\/a>.<\/strong><\/p>\n","protected":false},"excerpt":{"rendered":"<p>Ji\u017e tuto ned\u011bli 26.2.2017 se rozpout\u00e1 ZLAT\u00c1 HORE\u010cKA NA ALJA\u0160CE. Expedice dobrodruh\u016f a zlatokop\u016f vyraz\u00ed po stop\u00e1ch ztracen\u00e9 mapy Roberta Hendersona, kter\u00fd ozna\u010dil nalezi\u0161t\u011b zlata na Kr\u00e1li\u010d\u00edm potoce t\u0159emi \u010derven\u00fdmi kameny. A cel\u00fd nap\u00ednav\u00fd dobrodru\u017en\u00fd p\u0159\u00edb\u011bh za\u010dne nab\u00edrat na obr\u00e1tk\u00e1ch po setk\u00e1n\u00ed s jeho synem, kter\u00fd ani netu\u0161il, co bylo schov\u00e1no v mal\u00e9 d\u0159ev\u011bn\u00e9 truhle\u2026<\/p>\n","protected":false},"author":1,"featured_media":0,"comment_status":"open","ping_status":"open","sticky":false,"template":"","format":"standard","meta":{"footnotes":""},"categories":[1],"tags":[],"class_list":["post-304","post","type-post","status-publish","format-standard","hentry","category-nezarazene"],"yoast_head":"<!-- This site is optimized with the Yoast SEO plugin v26.5 - https:\/\/yoast.com\/wordpress\/plugins\/seo\/ -->\n<title>Co n\u00e1s \u010dek\u00e1 v nejbli\u017e\u0161\u00ed dob\u011b... - D\u011btsk\u00fd T\u00e1bor \u010cern\u00fd Potok<\/title>\n<meta name=\"robots\" content=\"index, follow, max-snippet:-1, max-image-preview:large, max-video-preview:-1\" \/>\n<link rel=\"canonical\" href=\"https:\/\/www.taborcernypotok.cz\/detsky-tabor\/2017\/02\/21\/co-nas-ceka-v-nejblizsi-dobe\/\" \/>\n<meta property=\"og:locale\" content=\"cs_CZ\" \/>\n<meta property=\"og:type\" content=\"article\" \/>\n<meta property=\"og:title\" content=\"Co n\u00e1s \u010dek\u00e1 v nejbli\u017e\u0161\u00ed dob\u011b... - D\u011btsk\u00fd T\u00e1bor \u010cern\u00fd Potok\" \/>\n<meta property=\"og:description\" content=\"Ji\u017e tuto ned\u011bli 26.2.2017 se rozpout\u00e1 ZLAT\u00c1 HORE\u010cKA NA ALJA\u0160CE. Expedice dobrodruh\u016f a zlatokop\u016f vyraz\u00ed po stop\u00e1ch ztracen\u00e9 mapy Roberta Hendersona, kter\u00fd ozna\u010dil nalezi\u0161t\u011b zlata na Kr\u00e1li\u010d\u00edm potoce t\u0159emi \u010derven\u00fdmi kameny. A cel\u00fd nap\u00ednav\u00fd dobrodru\u017en\u00fd p\u0159\u00edb\u011bh za\u010dne nab\u00edrat na obr\u00e1tk\u00e1ch po setk\u00e1n\u00ed s jeho synem, kter\u00fd ani netu\u0161il, co bylo schov\u00e1no v mal\u00e9 d\u0159ev\u011bn\u00e9 truhle\u2026\" \/>\n<meta property=\"og:url\" content=\"https:\/\/www.taborcernypotok.cz\/detsky-tabor\/2017\/02\/21\/co-nas-ceka-v-nejblizsi-dobe\/\" \/>\n<meta property=\"og:site_name\" content=\"D\u011btsk\u00fd T\u00e1bor \u010cern\u00fd Potok\" \/>\n<meta property=\"article:published_time\" content=\"2017-02-21T08:00:27+00:00\" \/>\n<meta name=\"author\" content=\"taborcernypotok\" \/>\n<meta name=\"twitter:card\" content=\"summary_large_image\" \/>\n<meta name=\"twitter:label1\" content=\"Napsal(a)\" \/>\n\t<meta name=\"twitter:data1\" content=\"taborcernypotok\" \/>\n\t<meta name=\"twitter:label2\" content=\"Odhadovan\u00e1 doba \u010dten\u00ed\" \/>\n\t<meta name=\"twitter:data2\" content=\"1 minuta\" \/>\n<script type=\"application\/ld+json\" class=\"yoast-schema-graph\">{\"@context\":\"https:\/\/schema.org\",\"@graph\":[{\"@type\":\"WebPage\",\"@id\":\"https:\/\/www.taborcernypotok.cz\/detsky-tabor\/2017\/02\/21\/co-nas-ceka-v-nejblizsi-dobe\/\",\"url\":\"https:\/\/www.taborcernypotok.cz\/detsky-tabor\/2017\/02\/21\/co-nas-ceka-v-nejblizsi-dobe\/\",\"name\":\"Co n\u00e1s \u010dek\u00e1 v nejbli\u017e\u0161\u00ed dob\u011b... - D\u011btsk\u00fd T\u00e1bor \u010cern\u00fd Potok\",\"isPartOf\":{\"@id\":\"https:\/\/www.taborcernypotok.cz\/detsky-tabor\/#website\"},\"datePublished\":\"2017-02-21T08:00:27+00:00\",\"author\":{\"@id\":\"https:\/\/www.taborcernypotok.cz\/detsky-tabor\/#\/schema\/person\/2b4432730684eaa63b88c312fd7506dc\"},\"breadcrumb\":{\"@id\":\"https:\/\/www.taborcernypotok.cz\/detsky-tabor\/2017\/02\/21\/co-nas-ceka-v-nejblizsi-dobe\/#breadcrumb\"},\"inLanguage\":\"cs\",\"potentialAction\":[{\"@type\":\"ReadAction\",\"target\":[\"https:\/\/www.taborcernypotok.cz\/detsky-tabor\/2017\/02\/21\/co-nas-ceka-v-nejblizsi-dobe\/\"]}]},{\"@type\":\"BreadcrumbList\",\"@id\":\"https:\/\/www.taborcernypotok.cz\/detsky-tabor\/2017\/02\/21\/co-nas-ceka-v-nejblizsi-dobe\/#breadcrumb\",\"itemListElement\":[{\"@type\":\"ListItem\",\"position\":1,\"name\":\"Dom\u016f\",\"item\":\"https:\/\/www.taborcernypotok.cz\/detsky-tabor\/\"},{\"@type\":\"ListItem\",\"position\":2,\"name\":\"Co n\u00e1s \u010dek\u00e1 v nejbli\u017e\u0161\u00ed dob\u011b&#8230;\"}]},{\"@type\":\"WebSite\",\"@id\":\"https:\/\/www.taborcernypotok.cz\/detsky-tabor\/#website\",\"url\":\"https:\/\/www.taborcernypotok.cz\/detsky-tabor\/\",\"name\":\"D\u011btsk\u00fd T\u00e1bor \u010cern\u00fd Potok\",\"description\":\"D\u011btsk\u00e9 t\u00e1bory Rychlebsk\u00e9 Hory\",\"potentialAction\":[{\"@type\":\"SearchAction\",\"target\":{\"@type\":\"EntryPoint\",\"urlTemplate\":\"https:\/\/www.taborcernypotok.cz\/detsky-tabor\/?s={search_term_string}\"},\"query-input\":{\"@type\":\"PropertyValueSpecification\",\"valueRequired\":true,\"valueName\":\"search_term_string\"}}],\"inLanguage\":\"cs\"},{\"@type\":\"Person\",\"@id\":\"https:\/\/www.taborcernypotok.cz\/detsky-tabor\/#\/schema\/person\/2b4432730684eaa63b88c312fd7506dc\",\"name\":\"taborcernypotok\",\"image\":{\"@type\":\"ImageObject\",\"inLanguage\":\"cs\",\"@id\":\"https:\/\/www.taborcernypotok.cz\/detsky-tabor\/#\/schema\/person\/image\/\",\"url\":\"https:\/\/secure.gravatar.com\/avatar\/bd55e713f7a75e9335f179d7ba784940d8a6f4ac6fdf3475a9326f8f9e53f441?s=96&d=mm&r=g\",\"contentUrl\":\"https:\/\/secure.gravatar.com\/avatar\/bd55e713f7a75e9335f179d7ba784940d8a6f4ac6fdf3475a9326f8f9e53f441?s=96&d=mm&r=g\",\"caption\":\"taborcernypotok\"},\"url\":\"https:\/\/www.taborcernypotok.cz\/detsky-tabor\/author\/taborcernypotok\/\"}]}<\/script>\n<!-- \/ Yoast SEO plugin. -->","yoast_head_json":{"title":"Co n\u00e1s \u010dek\u00e1 v nejbli\u017e\u0161\u00ed dob\u011b... - D\u011btsk\u00fd T\u00e1bor \u010cern\u00fd Potok","robots":{"index":"index","follow":"follow","max-snippet":"max-snippet:-1","max-image-preview":"max-image-preview:large","max-video-preview":"max-video-preview:-1"},"canonical":"https:\/\/www.taborcernypotok.cz\/detsky-tabor\/2017\/02\/21\/co-nas-ceka-v-nejblizsi-dobe\/","og_locale":"cs_CZ","og_type":"article","og_title":"Co n\u00e1s \u010dek\u00e1 v nejbli\u017e\u0161\u00ed dob\u011b... - D\u011btsk\u00fd T\u00e1bor \u010cern\u00fd Potok","og_description":"Ji\u017e tuto ned\u011bli 26.2.2017 se rozpout\u00e1 ZLAT\u00c1 HORE\u010cKA NA ALJA\u0160CE. Expedice dobrodruh\u016f a zlatokop\u016f vyraz\u00ed po stop\u00e1ch ztracen\u00e9 mapy Roberta Hendersona, kter\u00fd ozna\u010dil nalezi\u0161t\u011b zlata na Kr\u00e1li\u010d\u00edm potoce t\u0159emi \u010derven\u00fdmi kameny. A cel\u00fd nap\u00ednav\u00fd dobrodru\u017en\u00fd p\u0159\u00edb\u011bh za\u010dne nab\u00edrat na obr\u00e1tk\u00e1ch po setk\u00e1n\u00ed s jeho synem, kter\u00fd ani netu\u0161il, co bylo schov\u00e1no v mal\u00e9 d\u0159ev\u011bn\u00e9 truhle\u2026","og_url":"https:\/\/www.taborcernypotok.cz\/detsky-tabor\/2017\/02\/21\/co-nas-ceka-v-nejblizsi-dobe\/","og_site_name":"D\u011btsk\u00fd T\u00e1bor \u010cern\u00fd Potok","article_published_time":"2017-02-21T08:00:27+00:00","author":"taborcernypotok","twitter_card":"summary_large_image","twitter_misc":{"Napsal(a)":"taborcernypotok","Odhadovan\u00e1 doba \u010dten\u00ed":"1 minuta"},"schema":{"@context":"https:\/\/schema.org","@graph":[{"@type":"WebPage","@id":"https:\/\/www.taborcernypotok.cz\/detsky-tabor\/2017\/02\/21\/co-nas-ceka-v-nejblizsi-dobe\/","url":"https:\/\/www.taborcernypotok.cz\/detsky-tabor\/2017\/02\/21\/co-nas-ceka-v-nejblizsi-dobe\/","name":"Co n\u00e1s \u010dek\u00e1 v nejbli\u017e\u0161\u00ed dob\u011b... - D\u011btsk\u00fd T\u00e1bor \u010cern\u00fd Potok","isPartOf":{"@id":"https:\/\/www.taborcernypotok.cz\/detsky-tabor\/#website"},"datePublished":"2017-02-21T08:00:27+00:00","author":{"@id":"https:\/\/www.taborcernypotok.cz\/detsky-tabor\/#\/schema\/person\/2b4432730684eaa63b88c312fd7506dc"},"breadcrumb":{"@id":"https:\/\/www.taborcernypotok.cz\/detsky-tabor\/2017\/02\/21\/co-nas-ceka-v-nejblizsi-dobe\/#breadcrumb"},"inLanguage":"cs","potentialAction":[{"@type":"ReadAction","target":["https:\/\/www.taborcernypotok.cz\/detsky-tabor\/2017\/02\/21\/co-nas-ceka-v-nejblizsi-dobe\/"]}]},{"@type":"BreadcrumbList","@id":"https:\/\/www.taborcernypotok.cz\/detsky-tabor\/2017\/02\/21\/co-nas-ceka-v-nejblizsi-dobe\/#breadcrumb","itemListElement":[{"@type":"ListItem","position":1,"name":"Dom\u016f","item":"https:\/\/www.taborcernypotok.cz\/detsky-tabor\/"},{"@type":"ListItem","position":2,"name":"Co n\u00e1s \u010dek\u00e1 v nejbli\u017e\u0161\u00ed dob\u011b&#8230;"}]},{"@type":"WebSite","@id":"https:\/\/www.taborcernypotok.cz\/detsky-tabor\/#website","url":"https:\/\/www.taborcernypotok.cz\/detsky-tabor\/","name":"D\u011btsk\u00fd T\u00e1bor \u010cern\u00fd Potok","description":"D\u011btsk\u00e9 t\u00e1bory Rychlebsk\u00e9 Hory","potentialAction":[{"@type":"SearchAction","target":{"@type":"EntryPoint","urlTemplate":"https:\/\/www.taborcernypotok.cz\/detsky-tabor\/?s={search_term_string}"},"query-input":{"@type":"PropertyValueSpecification","valueRequired":true,"valueName":"search_term_string"}}],"inLanguage":"cs"},{"@type":"Person","@id":"https:\/\/www.taborcernypotok.cz\/detsky-tabor\/#\/schema\/person\/2b4432730684eaa63b88c312fd7506dc","name":"taborcernypotok","image":{"@type":"ImageObject","inLanguage":"cs","@id":"https:\/\/www.taborcernypotok.cz\/detsky-tabor\/#\/schema\/person\/image\/","url":"https:\/\/secure.gravatar.com\/avatar\/bd55e713f7a75e9335f179d7ba784940d8a6f4ac6fdf3475a9326f8f9e53f441?s=96&d=mm&r=g","contentUrl":"https:\/\/secure.gravatar.com\/avatar\/bd55e713f7a75e9335f179d7ba784940d8a6f4ac6fdf3475a9326f8f9e53f441?s=96&d=mm&r=g","caption":"taborcernypotok"},"url":"https:\/\/www.taborcernypotok.cz\/detsky-tabor\/author\/taborcernypotok\/"}]}},"_links":{"self":[{"href":"https:\/\/www.taborcernypotok.cz\/detsky-tabor\/wp-json\/wp\/v2\/posts\/304","targetHints":{"allow":["GET"]}}],"collection":[{"href":"https:\/\/www.taborcernypotok.cz\/detsky-tabor\/wp-json\/wp\/v2\/posts"}],"about":[{"href":"https:\/\/www.taborcernypotok.cz\/detsky-tabor\/wp-json\/wp\/v2\/types\/post"}],"author":[{"embeddable":true,"href":"https:\/\/www.taborcernypotok.cz\/detsky-tabor\/wp-json\/wp\/v2\/users\/1"}],"replies":[{"embeddable":true,"href":"https:\/\/www.taborcernypotok.cz\/detsky-tabor\/wp-json\/wp\/v2\/comments?post=304"}],"version-history":[{"count":1,"href":"https:\/\/www.taborcernypotok.cz\/detsky-tabor\/wp-json\/wp\/v2\/posts\/304\/revisions"}],"predecessor-version":[{"id":305,"href":"https:\/\/www.taborcernypotok.cz\/detsky-tabor\/wp-json\/wp\/v2\/posts\/304\/revisions\/305"}],"wp:attachment":[{"href":"https:\/\/www.taborcernypotok.cz\/detsky-tabor\/wp-json\/wp\/v2\/media?parent=304"}],"wp:term":[{"taxonomy":"category","embeddable":true,"href":"https:\/\/www.taborcernypotok.cz\/detsky-tabor\/wp-json\/wp\/v2\/categories?post=304"},{"taxonomy":"post_tag","embeddable":true,"href":"https:\/\/www.taborcernypotok.cz\/detsky-tabor\/wp-json\/wp\/v2\/tags?post=304"}],"curies":[{"name":"wp","href":"https:\/\/api.w.org\/{rel}","templated":true}]}}