{"id":3228,"date":"2019-12-09T17:27:49","date_gmt":"2019-12-09T16:27:49","guid":{"rendered":"https:\/\/www.taborcernypotok.cz\/detsky-tabor\/?p=3228"},"modified":"2019-12-09T17:27:49","modified_gmt":"2019-12-09T16:27:49","slug":"zimni-tabor-2020","status":"publish","type":"post","link":"https:\/\/www.taborcernypotok.cz\/detsky-tabor\/2019\/12\/09\/zimni-tabor-2020\/","title":{"rendered":"Zimn\u00ed t\u00e1bor 2020"},"content":{"rendered":"<p>P\u0159\u00e1tel\u00e9 &#8211; kamar\u00e1di.<\/p>\n<p>moc se v\u0161em omlouv\u00e1me, ale v p\u0159\u00ed\u0161t\u00edm roce nebude mo\u017en\u00e9 uspo\u0159\u00e1dat zimn\u00ed t\u00e1bor v term\u00ednu jarn\u00edch pr\u00e1zdnin, z d\u016fvodu velk\u00e9ho pracovn\u00edho vyt\u00ed\u017een\u00ed hlavn\u00edho organiz\u00e1tora. D\u011bkujeme za pochopen\u00ed a douf\u00e1me, \u017ee v\u00e1m v\u0161e vynahrad\u00edme b\u011bhem letn\u00edch m\u011bs\u00edc\u016f. 1. b\u0159ezna bude spu\u0161t\u011bno p\u0159ihla\u0161ov\u00e1n\u00ed na letn\u00ed turnusy.<\/p>\n","protected":false},"excerpt":{"rendered":"<p>P\u0159\u00e1tel\u00e9 &#8211; kamar\u00e1di. moc se v\u0161em omlouv\u00e1me, ale v p\u0159\u00ed\u0161t\u00edm roce nebude mo\u017en\u00e9 uspo\u0159\u00e1dat zimn\u00ed t\u00e1bor v term\u00ednu jarn\u00edch pr\u00e1zdnin, z d\u016fvodu velk\u00e9ho pracovn\u00edho vyt\u00ed\u017een\u00ed hlavn\u00edho organiz\u00e1tora. D\u011bkujeme za pochopen\u00ed a douf\u00e1me, \u017ee v\u00e1m v\u0161e vynahrad\u00edme b\u011bhem letn\u00edch m\u011bs\u00edc\u016f. 1. b\u0159ezna bude spu\u0161t\u011bno p\u0159ihla\u0161ov\u00e1n\u00ed na letn\u00ed turnusy.<\/p>\n","protected":false},"author":3,"featured_media":0,"comment_status":"closed","ping_status":"open","sticky":false,"template":"","format":"standard","meta":{"footnotes":""},"categories":[1],"tags":[],"class_list":["post-3228","post","type-post","status-publish","format-standard","hentry","category-nezarazene"],"yoast_head":"<!-- This site is optimized with the Yoast SEO plugin v26.5 - https:\/\/yoast.com\/wordpress\/plugins\/seo\/ -->\n<title>Zimn\u00ed t\u00e1bor 2020 - D\u011btsk\u00fd T\u00e1bor \u010cern\u00fd Potok<\/title>\n<meta name=\"robots\" content=\"index, follow, max-snippet:-1, max-image-preview:large, max-video-preview:-1\" \/>\n<link rel=\"canonical\" href=\"https:\/\/www.taborcernypotok.cz\/detsky-tabor\/2019\/12\/09\/zimni-tabor-2020\/\" \/>\n<meta property=\"og:locale\" content=\"cs_CZ\" \/>\n<meta property=\"og:type\" content=\"article\" \/>\n<meta property=\"og:title\" content=\"Zimn\u00ed t\u00e1bor 2020 - D\u011btsk\u00fd T\u00e1bor \u010cern\u00fd Potok\" \/>\n<meta property=\"og:description\" content=\"P\u0159\u00e1tel\u00e9 &#8211; kamar\u00e1di. moc se v\u0161em omlouv\u00e1me, ale v p\u0159\u00ed\u0161t\u00edm roce nebude mo\u017en\u00e9 uspo\u0159\u00e1dat zimn\u00ed t\u00e1bor v term\u00ednu jarn\u00edch pr\u00e1zdnin, z d\u016fvodu velk\u00e9ho pracovn\u00edho vyt\u00ed\u017een\u00ed hlavn\u00edho organiz\u00e1tora. D\u011bkujeme za pochopen\u00ed a douf\u00e1me, \u017ee v\u00e1m v\u0161e vynahrad\u00edme b\u011bhem letn\u00edch m\u011bs\u00edc\u016f. 1. b\u0159ezna bude spu\u0161t\u011bno p\u0159ihla\u0161ov\u00e1n\u00ed na letn\u00ed turnusy.\" \/>\n<meta property=\"og:url\" content=\"https:\/\/www.taborcernypotok.cz\/detsky-tabor\/2019\/12\/09\/zimni-tabor-2020\/\" \/>\n<meta property=\"og:site_name\" content=\"D\u011btsk\u00fd T\u00e1bor \u010cern\u00fd Potok\" \/>\n<meta property=\"article:published_time\" content=\"2019-12-09T16:27:49+00:00\" \/>\n<meta name=\"author\" content=\"evaar\" \/>\n<meta name=\"twitter:card\" content=\"summary_large_image\" \/>\n<meta name=\"twitter:label1\" content=\"Napsal(a)\" \/>\n\t<meta name=\"twitter:data1\" content=\"evaar\" \/>\n<script type=\"application\/ld+json\" class=\"yoast-schema-graph\">{\"@context\":\"https:\/\/schema.org\",\"@graph\":[{\"@type\":\"WebPage\",\"@id\":\"https:\/\/www.taborcernypotok.cz\/detsky-tabor\/2019\/12\/09\/zimni-tabor-2020\/\",\"url\":\"https:\/\/www.taborcernypotok.cz\/detsky-tabor\/2019\/12\/09\/zimni-tabor-2020\/\",\"name\":\"Zimn\u00ed t\u00e1bor 2020 - D\u011btsk\u00fd T\u00e1bor \u010cern\u00fd Potok\",\"isPartOf\":{\"@id\":\"https:\/\/www.taborcernypotok.cz\/detsky-tabor\/#website\"},\"datePublished\":\"2019-12-09T16:27:49+00:00\",\"author\":{\"@id\":\"https:\/\/www.taborcernypotok.cz\/detsky-tabor\/#\/schema\/person\/f57ded50876a9e901772d80e7eb6fbe5\"},\"breadcrumb\":{\"@id\":\"https:\/\/www.taborcernypotok.cz\/detsky-tabor\/2019\/12\/09\/zimni-tabor-2020\/#breadcrumb\"},\"inLanguage\":\"cs\",\"potentialAction\":[{\"@type\":\"ReadAction\",\"target\":[\"https:\/\/www.taborcernypotok.cz\/detsky-tabor\/2019\/12\/09\/zimni-tabor-2020\/\"]}]},{\"@type\":\"BreadcrumbList\",\"@id\":\"https:\/\/www.taborcernypotok.cz\/detsky-tabor\/2019\/12\/09\/zimni-tabor-2020\/#breadcrumb\",\"itemListElement\":[{\"@type\":\"ListItem\",\"position\":1,\"name\":\"Dom\u016f\",\"item\":\"https:\/\/www.taborcernypotok.cz\/detsky-tabor\/\"},{\"@type\":\"ListItem\",\"position\":2,\"name\":\"Zimn\u00ed t\u00e1bor 2020\"}]},{\"@type\":\"WebSite\",\"@id\":\"https:\/\/www.taborcernypotok.cz\/detsky-tabor\/#website\",\"url\":\"https:\/\/www.taborcernypotok.cz\/detsky-tabor\/\",\"name\":\"D\u011btsk\u00fd T\u00e1bor \u010cern\u00fd Potok\",\"description\":\"D\u011btsk\u00e9 t\u00e1bory Rychlebsk\u00e9 Hory\",\"potentialAction\":[{\"@type\":\"SearchAction\",\"target\":{\"@type\":\"EntryPoint\",\"urlTemplate\":\"https:\/\/www.taborcernypotok.cz\/detsky-tabor\/?s={search_term_string}\"},\"query-input\":{\"@type\":\"PropertyValueSpecification\",\"valueRequired\":true,\"valueName\":\"search_term_string\"}}],\"inLanguage\":\"cs\"},{\"@type\":\"Person\",\"@id\":\"https:\/\/www.taborcernypotok.cz\/detsky-tabor\/#\/schema\/person\/f57ded50876a9e901772d80e7eb6fbe5\",\"name\":\"evaar\",\"image\":{\"@type\":\"ImageObject\",\"inLanguage\":\"cs\",\"@id\":\"https:\/\/www.taborcernypotok.cz\/detsky-tabor\/#\/schema\/person\/image\/\",\"url\":\"https:\/\/secure.gravatar.com\/avatar\/36e70a36f5226a21e1daeaa2dd3d5889b7aa515ab96bd592f691c81debd82d93?s=96&d=mm&r=g\",\"contentUrl\":\"https:\/\/secure.gravatar.com\/avatar\/36e70a36f5226a21e1daeaa2dd3d5889b7aa515ab96bd592f691c81debd82d93?s=96&d=mm&r=g\",\"caption\":\"evaar\"},\"url\":\"https:\/\/www.taborcernypotok.cz\/detsky-tabor\/author\/evaar\/\"}]}<\/script>\n<!-- \/ Yoast SEO plugin. -->","yoast_head_json":{"title":"Zimn\u00ed t\u00e1bor 2020 - D\u011btsk\u00fd T\u00e1bor \u010cern\u00fd Potok","robots":{"index":"index","follow":"follow","max-snippet":"max-snippet:-1","max-image-preview":"max-image-preview:large","max-video-preview":"max-video-preview:-1"},"canonical":"https:\/\/www.taborcernypotok.cz\/detsky-tabor\/2019\/12\/09\/zimni-tabor-2020\/","og_locale":"cs_CZ","og_type":"article","og_title":"Zimn\u00ed t\u00e1bor 2020 - D\u011btsk\u00fd T\u00e1bor \u010cern\u00fd Potok","og_description":"P\u0159\u00e1tel\u00e9 &#8211; kamar\u00e1di. moc se v\u0161em omlouv\u00e1me, ale v p\u0159\u00ed\u0161t\u00edm roce nebude mo\u017en\u00e9 uspo\u0159\u00e1dat zimn\u00ed t\u00e1bor v term\u00ednu jarn\u00edch pr\u00e1zdnin, z d\u016fvodu velk\u00e9ho pracovn\u00edho vyt\u00ed\u017een\u00ed hlavn\u00edho organiz\u00e1tora. D\u011bkujeme za pochopen\u00ed a douf\u00e1me, \u017ee v\u00e1m v\u0161e vynahrad\u00edme b\u011bhem letn\u00edch m\u011bs\u00edc\u016f. 1. b\u0159ezna bude spu\u0161t\u011bno p\u0159ihla\u0161ov\u00e1n\u00ed na letn\u00ed turnusy.","og_url":"https:\/\/www.taborcernypotok.cz\/detsky-tabor\/2019\/12\/09\/zimni-tabor-2020\/","og_site_name":"D\u011btsk\u00fd T\u00e1bor \u010cern\u00fd Potok","article_published_time":"2019-12-09T16:27:49+00:00","author":"evaar","twitter_card":"summary_large_image","twitter_misc":{"Napsal(a)":"evaar"},"schema":{"@context":"https:\/\/schema.org","@graph":[{"@type":"WebPage","@id":"https:\/\/www.taborcernypotok.cz\/detsky-tabor\/2019\/12\/09\/zimni-tabor-2020\/","url":"https:\/\/www.taborcernypotok.cz\/detsky-tabor\/2019\/12\/09\/zimni-tabor-2020\/","name":"Zimn\u00ed t\u00e1bor 2020 - D\u011btsk\u00fd T\u00e1bor \u010cern\u00fd Potok","isPartOf":{"@id":"https:\/\/www.taborcernypotok.cz\/detsky-tabor\/#website"},"datePublished":"2019-12-09T16:27:49+00:00","author":{"@id":"https:\/\/www.taborcernypotok.cz\/detsky-tabor\/#\/schema\/person\/f57ded50876a9e901772d80e7eb6fbe5"},"breadcrumb":{"@id":"https:\/\/www.taborcernypotok.cz\/detsky-tabor\/2019\/12\/09\/zimni-tabor-2020\/#breadcrumb"},"inLanguage":"cs","potentialAction":[{"@type":"ReadAction","target":["https:\/\/www.taborcernypotok.cz\/detsky-tabor\/2019\/12\/09\/zimni-tabor-2020\/"]}]},{"@type":"BreadcrumbList","@id":"https:\/\/www.taborcernypotok.cz\/detsky-tabor\/2019\/12\/09\/zimni-tabor-2020\/#breadcrumb","itemListElement":[{"@type":"ListItem","position":1,"name":"Dom\u016f","item":"https:\/\/www.taborcernypotok.cz\/detsky-tabor\/"},{"@type":"ListItem","position":2,"name":"Zimn\u00ed t\u00e1bor 2020"}]},{"@type":"WebSite","@id":"https:\/\/www.taborcernypotok.cz\/detsky-tabor\/#website","url":"https:\/\/www.taborcernypotok.cz\/detsky-tabor\/","name":"D\u011btsk\u00fd T\u00e1bor \u010cern\u00fd Potok","description":"D\u011btsk\u00e9 t\u00e1bory Rychlebsk\u00e9 Hory","potentialAction":[{"@type":"SearchAction","target":{"@type":"EntryPoint","urlTemplate":"https:\/\/www.taborcernypotok.cz\/detsky-tabor\/?s={search_term_string}"},"query-input":{"@type":"PropertyValueSpecification","valueRequired":true,"valueName":"search_term_string"}}],"inLanguage":"cs"},{"@type":"Person","@id":"https:\/\/www.taborcernypotok.cz\/detsky-tabor\/#\/schema\/person\/f57ded50876a9e901772d80e7eb6fbe5","name":"evaar","image":{"@type":"ImageObject","inLanguage":"cs","@id":"https:\/\/www.taborcernypotok.cz\/detsky-tabor\/#\/schema\/person\/image\/","url":"https:\/\/secure.gravatar.com\/avatar\/36e70a36f5226a21e1daeaa2dd3d5889b7aa515ab96bd592f691c81debd82d93?s=96&d=mm&r=g","contentUrl":"https:\/\/secure.gravatar.com\/avatar\/36e70a36f5226a21e1daeaa2dd3d5889b7aa515ab96bd592f691c81debd82d93?s=96&d=mm&r=g","caption":"evaar"},"url":"https:\/\/www.taborcernypotok.cz\/detsky-tabor\/author\/evaar\/"}]}},"_links":{"self":[{"href":"https:\/\/www.taborcernypotok.cz\/detsky-tabor\/wp-json\/wp\/v2\/posts\/3228","targetHints":{"allow":["GET"]}}],"collection":[{"href":"https:\/\/www.taborcernypotok.cz\/detsky-tabor\/wp-json\/wp\/v2\/posts"}],"about":[{"href":"https:\/\/www.taborcernypotok.cz\/detsky-tabor\/wp-json\/wp\/v2\/types\/post"}],"author":[{"embeddable":true,"href":"https:\/\/www.taborcernypotok.cz\/detsky-tabor\/wp-json\/wp\/v2\/users\/3"}],"replies":[{"embeddable":true,"href":"https:\/\/www.taborcernypotok.cz\/detsky-tabor\/wp-json\/wp\/v2\/comments?post=3228"}],"version-history":[{"count":1,"href":"https:\/\/www.taborcernypotok.cz\/detsky-tabor\/wp-json\/wp\/v2\/posts\/3228\/revisions"}],"predecessor-version":[{"id":3229,"href":"https:\/\/www.taborcernypotok.cz\/detsky-tabor\/wp-json\/wp\/v2\/posts\/3228\/revisions\/3229"}],"wp:attachment":[{"href":"https:\/\/www.taborcernypotok.cz\/detsky-tabor\/wp-json\/wp\/v2\/media?parent=3228"}],"wp:term":[{"taxonomy":"category","embeddable":true,"href":"https:\/\/www.taborcernypotok.cz\/detsky-tabor\/wp-json\/wp\/v2\/categories?post=3228"},{"taxonomy":"post_tag","embeddable":true,"href":"https:\/\/www.taborcernypotok.cz\/detsky-tabor\/wp-json\/wp\/v2\/tags?post=3228"}],"curies":[{"name":"wp","href":"https:\/\/api.w.org\/{rel}","templated":true}]}}