{"id":6179,"date":"2021-06-17T08:52:08","date_gmt":"2021-06-17T07:52:08","guid":{"rendered":"https:\/\/www.taborcernypotok.cz\/detsky-tabor\/?p=6179"},"modified":"2021-06-17T08:59:59","modified_gmt":"2021-06-17T07:59:59","slug":"upozorneni-pro-taborniky-cestne-prohlaseni-covid","status":"publish","type":"post","link":"https:\/\/www.taborcernypotok.cz\/detsky-tabor\/2021\/06\/17\/upozorneni-pro-taborniky-cestne-prohlaseni-covid\/","title":{"rendered":"UPOZORN\u011aN\u00cd: PRO T\u00c1BORN\u00cdKY \u201e\u010cESTN\u00c9 PROHL\u00c1\u0160EN\u00cd COVID\u201c"},"content":{"rendered":"\n<div class=\"wp-block-image\"><figure class=\"aligncenter size-medium\"><img decoding=\"async\" src=\"https:\/\/www.taborcernypotok.cz\/detsky-tabor\/wp-content\/uploads\/sites\/2\/2021\/06\/warning-yellow-001-300x169.png\" alt=\"\" class=\"wp-image-6181\" width=\"NaN\" height=\"NaN\" srcset=\"https:\/\/www.taborcernypotok.cz\/detsky-tabor\/wp-content\/uploads\/sites\/2\/2021\/06\/warning-yellow-001-300x169.png 300w, https:\/\/www.taborcernypotok.cz\/detsky-tabor\/wp-content\/uploads\/sites\/2\/2021\/06\/warning-yellow-001-1600x900.png 1600w, https:\/\/www.taborcernypotok.cz\/detsky-tabor\/wp-content\/uploads\/sites\/2\/2021\/06\/warning-yellow-001-768x432.png 768w, https:\/\/www.taborcernypotok.cz\/detsky-tabor\/wp-content\/uploads\/sites\/2\/2021\/06\/warning-yellow-001-1536x864.png 1536w, https:\/\/www.taborcernypotok.cz\/detsky-tabor\/wp-content\/uploads\/sites\/2\/2021\/06\/warning-yellow-001.png 1920w\" sizes=\"(max-width: 300px) 100vw, 300px\" \/><\/figure><\/div>\n\n\n\n<p>Na z\u00e1klad\u011b naprosto zmate\u010dn\u00fdch informac\u00ed, kter\u00e9 vyd\u00e1v\u00e1 na\u0161e vl\u00e1da vzhledem k podm\u00ednk\u00e1m kon\u00e1n\u00ed d\u011btsk\u00fdch t\u00e1bor\u016f, jsme po konzultac\u00edch p\u0159istoupili k n\u00e1sleduj\u00edc\u00edmu \u0159e\u0161en\u00ed: <\/p>\n\n\n\n<p>\u00da\u010dastn\u00edk p\u0159i odjezdu na t\u00e1bor odevzd\u00e1 krom\u011b zdravotn\u00edho dotazn\u00edku a prohl\u00e1\u0161en\u00ed o bezinfek\u010dnosti i <strong><a href=\"https:\/\/www.taborcernypotok.cz\/wp-content\/uploads\/2021\/06\/cestne-prohlaseni-covid.pdf\" target=\"_blank\" rel=\"noreferrer noopener\">\u010cESTN\u00c9 PROHL\u00c1\u0160EN\u00cd COVID<\/a><\/strong>, <a href=\"https:\/\/www.taborcernypotok.cz\/wp-content\/uploads\/2021\/06\/cestne-prohlaseni-covid.pdf\" target=\"_blank\" rel=\"noreferrer noopener\">viz odkaz<\/a>. Prohl\u00e1\u0161en\u00ed p\u0159ineste podepsan\u00e9 s datem v den odjezdu d\u00edt\u011bte na t\u00e1bor.<\/p>\n\n\n\n<div style=\"height:50px\" aria-hidden=\"true\" class=\"wp-block-spacer\"><\/div>\n\n\n\n<div class=\"wp-block-buttons is-content-justification-center is-layout-flex wp-block-buttons-is-layout-flex\">\n<div class=\"wp-block-button\"><a class=\"wp-block-button__link\" href=\"https:\/\/www.taborcernypotok.cz\/wp-content\/uploads\/2021\/06\/cestne-prohlaseni-covid.pdf\" target=\"_blank\" rel=\"noreferrer noopener\">\u010cestn\u00e9 prohl\u00e1\u0161en\u00ed ke sta\u017een\u00ed [PDF]<\/a><\/div>\n<\/div>\n","protected":false},"excerpt":{"rendered":"<p>Na z\u00e1klad\u011b naprosto zmate\u010dn\u00fdch informac\u00ed, kter\u00e9 vyd\u00e1v\u00e1 na\u0161e vl\u00e1da vzhledem k podm\u00ednk\u00e1m kon\u00e1n\u00ed d\u011btsk\u00fdch t\u00e1bor\u016f, jsme po konzultac\u00edch p\u0159istoupili k n\u00e1sleduj\u00edc\u00edmu \u0159e\u0161en\u00ed: \u00da\u010dastn\u00edk p\u0159i odjezdu na t\u00e1bor odevzd\u00e1 krom\u011b zdravotn\u00edho dotazn\u00edku a prohl\u00e1\u0161en\u00ed o bezinfek\u010dnosti i \u010cESTN\u00c9 PROHL\u00c1\u0160EN\u00cd COVID, viz odkaz. Prohl\u00e1\u0161en\u00ed p\u0159ineste podepsan\u00e9 s datem v den odjezdu d\u00edt\u011bte na t\u00e1bor.<\/p>\n","protected":false},"author":1,"featured_media":0,"comment_status":"closed","ping_status":"open","sticky":false,"template":"","format":"standard","meta":{"footnotes":""},"categories":[1],"tags":[],"class_list":["post-6179","post","type-post","status-publish","format-standard","hentry","category-nezarazene"],"yoast_head":"<!-- This site is optimized with the Yoast SEO plugin v26.5 - https:\/\/yoast.com\/wordpress\/plugins\/seo\/ -->\n<title>UPOZORN\u011aN\u00cd: PRO T\u00c1BORN\u00cdKY \u201e\u010cESTN\u00c9 PROHL\u00c1\u0160EN\u00cd COVID\u201c - D\u011btsk\u00fd T\u00e1bor \u010cern\u00fd Potok<\/title>\n<meta name=\"robots\" content=\"index, follow, max-snippet:-1, max-image-preview:large, max-video-preview:-1\" \/>\n<link rel=\"canonical\" href=\"https:\/\/www.taborcernypotok.cz\/detsky-tabor\/2021\/06\/17\/upozorneni-pro-taborniky-cestne-prohlaseni-covid\/\" \/>\n<meta property=\"og:locale\" content=\"cs_CZ\" \/>\n<meta property=\"og:type\" content=\"article\" \/>\n<meta property=\"og:title\" content=\"UPOZORN\u011aN\u00cd: PRO T\u00c1BORN\u00cdKY \u201e\u010cESTN\u00c9 PROHL\u00c1\u0160EN\u00cd COVID\u201c - D\u011btsk\u00fd T\u00e1bor \u010cern\u00fd Potok\" \/>\n<meta property=\"og:description\" content=\"Na z\u00e1klad\u011b naprosto zmate\u010dn\u00fdch informac\u00ed, kter\u00e9 vyd\u00e1v\u00e1 na\u0161e vl\u00e1da vzhledem k podm\u00ednk\u00e1m kon\u00e1n\u00ed d\u011btsk\u00fdch t\u00e1bor\u016f, jsme po konzultac\u00edch p\u0159istoupili k n\u00e1sleduj\u00edc\u00edmu \u0159e\u0161en\u00ed: \u00da\u010dastn\u00edk p\u0159i odjezdu na t\u00e1bor odevzd\u00e1 krom\u011b zdravotn\u00edho dotazn\u00edku a prohl\u00e1\u0161en\u00ed o bezinfek\u010dnosti i \u010cESTN\u00c9 PROHL\u00c1\u0160EN\u00cd COVID, viz odkaz. Prohl\u00e1\u0161en\u00ed p\u0159ineste podepsan\u00e9 s datem v den odjezdu d\u00edt\u011bte na t\u00e1bor.\" \/>\n<meta property=\"og:url\" content=\"https:\/\/www.taborcernypotok.cz\/detsky-tabor\/2021\/06\/17\/upozorneni-pro-taborniky-cestne-prohlaseni-covid\/\" \/>\n<meta property=\"og:site_name\" content=\"D\u011btsk\u00fd T\u00e1bor \u010cern\u00fd Potok\" \/>\n<meta property=\"article:published_time\" content=\"2021-06-17T07:52:08+00:00\" \/>\n<meta property=\"article:modified_time\" content=\"2021-06-17T07:59:59+00:00\" \/>\n<meta property=\"og:image\" content=\"https:\/\/www.taborcernypotok.cz\/detsky-tabor\/wp-content\/uploads\/sites\/2\/2021\/06\/warning-yellow-001-300x169.png\" \/>\n<meta name=\"author\" content=\"taborcernypotok\" \/>\n<meta name=\"twitter:card\" content=\"summary_large_image\" \/>\n<meta name=\"twitter:label1\" content=\"Napsal(a)\" \/>\n\t<meta name=\"twitter:data1\" content=\"taborcernypotok\" \/>\n\t<meta name=\"twitter:label2\" content=\"Odhadovan\u00e1 doba \u010dten\u00ed\" \/>\n\t<meta name=\"twitter:data2\" content=\"1 minuta\" \/>\n<script type=\"application\/ld+json\" class=\"yoast-schema-graph\">{\"@context\":\"https:\/\/schema.org\",\"@graph\":[{\"@type\":\"WebPage\",\"@id\":\"https:\/\/www.taborcernypotok.cz\/detsky-tabor\/2021\/06\/17\/upozorneni-pro-taborniky-cestne-prohlaseni-covid\/\",\"url\":\"https:\/\/www.taborcernypotok.cz\/detsky-tabor\/2021\/06\/17\/upozorneni-pro-taborniky-cestne-prohlaseni-covid\/\",\"name\":\"UPOZORN\u011aN\u00cd: PRO T\u00c1BORN\u00cdKY \u201e\u010cESTN\u00c9 PROHL\u00c1\u0160EN\u00cd COVID\u201c - D\u011btsk\u00fd T\u00e1bor \u010cern\u00fd Potok\",\"isPartOf\":{\"@id\":\"https:\/\/www.taborcernypotok.cz\/detsky-tabor\/#website\"},\"primaryImageOfPage\":{\"@id\":\"https:\/\/www.taborcernypotok.cz\/detsky-tabor\/2021\/06\/17\/upozorneni-pro-taborniky-cestne-prohlaseni-covid\/#primaryimage\"},\"image\":{\"@id\":\"https:\/\/www.taborcernypotok.cz\/detsky-tabor\/2021\/06\/17\/upozorneni-pro-taborniky-cestne-prohlaseni-covid\/#primaryimage\"},\"thumbnailUrl\":\"https:\/\/www.taborcernypotok.cz\/detsky-tabor\/wp-content\/uploads\/sites\/2\/2021\/06\/warning-yellow-001-300x169.png\",\"datePublished\":\"2021-06-17T07:52:08+00:00\",\"dateModified\":\"2021-06-17T07:59:59+00:00\",\"author\":{\"@id\":\"https:\/\/www.taborcernypotok.cz\/detsky-tabor\/#\/schema\/person\/2b4432730684eaa63b88c312fd7506dc\"},\"breadcrumb\":{\"@id\":\"https:\/\/www.taborcernypotok.cz\/detsky-tabor\/2021\/06\/17\/upozorneni-pro-taborniky-cestne-prohlaseni-covid\/#breadcrumb\"},\"inLanguage\":\"cs\",\"potentialAction\":[{\"@type\":\"ReadAction\",\"target\":[\"https:\/\/www.taborcernypotok.cz\/detsky-tabor\/2021\/06\/17\/upozorneni-pro-taborniky-cestne-prohlaseni-covid\/\"]}]},{\"@type\":\"ImageObject\",\"inLanguage\":\"cs\",\"@id\":\"https:\/\/www.taborcernypotok.cz\/detsky-tabor\/2021\/06\/17\/upozorneni-pro-taborniky-cestne-prohlaseni-covid\/#primaryimage\",\"url\":\"https:\/\/www.taborcernypotok.cz\/detsky-tabor\/wp-content\/uploads\/sites\/2\/2021\/06\/warning-yellow-001.png\",\"contentUrl\":\"https:\/\/www.taborcernypotok.cz\/detsky-tabor\/wp-content\/uploads\/sites\/2\/2021\/06\/warning-yellow-001.png\",\"width\":1920,\"height\":1080},{\"@type\":\"BreadcrumbList\",\"@id\":\"https:\/\/www.taborcernypotok.cz\/detsky-tabor\/2021\/06\/17\/upozorneni-pro-taborniky-cestne-prohlaseni-covid\/#breadcrumb\",\"itemListElement\":[{\"@type\":\"ListItem\",\"position\":1,\"name\":\"Dom\u016f\",\"item\":\"https:\/\/www.taborcernypotok.cz\/detsky-tabor\/\"},{\"@type\":\"ListItem\",\"position\":2,\"name\":\"UPOZORN\u011aN\u00cd: PRO T\u00c1BORN\u00cdKY \u201e\u010cESTN\u00c9 PROHL\u00c1\u0160EN\u00cd COVID\u201c\"}]},{\"@type\":\"WebSite\",\"@id\":\"https:\/\/www.taborcernypotok.cz\/detsky-tabor\/#website\",\"url\":\"https:\/\/www.taborcernypotok.cz\/detsky-tabor\/\",\"name\":\"D\u011btsk\u00fd T\u00e1bor \u010cern\u00fd Potok\",\"description\":\"D\u011btsk\u00e9 t\u00e1bory Rychlebsk\u00e9 Hory\",\"potentialAction\":[{\"@type\":\"SearchAction\",\"target\":{\"@type\":\"EntryPoint\",\"urlTemplate\":\"https:\/\/www.taborcernypotok.cz\/detsky-tabor\/?s={search_term_string}\"},\"query-input\":{\"@type\":\"PropertyValueSpecification\",\"valueRequired\":true,\"valueName\":\"search_term_string\"}}],\"inLanguage\":\"cs\"},{\"@type\":\"Person\",\"@id\":\"https:\/\/www.taborcernypotok.cz\/detsky-tabor\/#\/schema\/person\/2b4432730684eaa63b88c312fd7506dc\",\"name\":\"taborcernypotok\",\"image\":{\"@type\":\"ImageObject\",\"inLanguage\":\"cs\",\"@id\":\"https:\/\/www.taborcernypotok.cz\/detsky-tabor\/#\/schema\/person\/image\/\",\"url\":\"https:\/\/secure.gravatar.com\/avatar\/bd55e713f7a75e9335f179d7ba784940d8a6f4ac6fdf3475a9326f8f9e53f441?s=96&d=mm&r=g\",\"contentUrl\":\"https:\/\/secure.gravatar.com\/avatar\/bd55e713f7a75e9335f179d7ba784940d8a6f4ac6fdf3475a9326f8f9e53f441?s=96&d=mm&r=g\",\"caption\":\"taborcernypotok\"},\"url\":\"https:\/\/www.taborcernypotok.cz\/detsky-tabor\/author\/taborcernypotok\/\"}]}<\/script>\n<!-- \/ Yoast SEO plugin. -->","yoast_head_json":{"title":"UPOZORN\u011aN\u00cd: PRO T\u00c1BORN\u00cdKY \u201e\u010cESTN\u00c9 PROHL\u00c1\u0160EN\u00cd COVID\u201c - D\u011btsk\u00fd T\u00e1bor \u010cern\u00fd Potok","robots":{"index":"index","follow":"follow","max-snippet":"max-snippet:-1","max-image-preview":"max-image-preview:large","max-video-preview":"max-video-preview:-1"},"canonical":"https:\/\/www.taborcernypotok.cz\/detsky-tabor\/2021\/06\/17\/upozorneni-pro-taborniky-cestne-prohlaseni-covid\/","og_locale":"cs_CZ","og_type":"article","og_title":"UPOZORN\u011aN\u00cd: PRO T\u00c1BORN\u00cdKY \u201e\u010cESTN\u00c9 PROHL\u00c1\u0160EN\u00cd COVID\u201c - D\u011btsk\u00fd T\u00e1bor \u010cern\u00fd Potok","og_description":"Na z\u00e1klad\u011b naprosto zmate\u010dn\u00fdch informac\u00ed, kter\u00e9 vyd\u00e1v\u00e1 na\u0161e vl\u00e1da vzhledem k podm\u00ednk\u00e1m kon\u00e1n\u00ed d\u011btsk\u00fdch t\u00e1bor\u016f, jsme po konzultac\u00edch p\u0159istoupili k n\u00e1sleduj\u00edc\u00edmu \u0159e\u0161en\u00ed: \u00da\u010dastn\u00edk p\u0159i odjezdu na t\u00e1bor odevzd\u00e1 krom\u011b zdravotn\u00edho dotazn\u00edku a prohl\u00e1\u0161en\u00ed o bezinfek\u010dnosti i \u010cESTN\u00c9 PROHL\u00c1\u0160EN\u00cd COVID, viz odkaz. Prohl\u00e1\u0161en\u00ed p\u0159ineste podepsan\u00e9 s datem v den odjezdu d\u00edt\u011bte na t\u00e1bor.","og_url":"https:\/\/www.taborcernypotok.cz\/detsky-tabor\/2021\/06\/17\/upozorneni-pro-taborniky-cestne-prohlaseni-covid\/","og_site_name":"D\u011btsk\u00fd T\u00e1bor \u010cern\u00fd Potok","article_published_time":"2021-06-17T07:52:08+00:00","article_modified_time":"2021-06-17T07:59:59+00:00","og_image":[{"url":"https:\/\/www.taborcernypotok.cz\/detsky-tabor\/wp-content\/uploads\/sites\/2\/2021\/06\/warning-yellow-001-300x169.png","type":"","width":"","height":""}],"author":"taborcernypotok","twitter_card":"summary_large_image","twitter_misc":{"Napsal(a)":"taborcernypotok","Odhadovan\u00e1 doba \u010dten\u00ed":"1 minuta"},"schema":{"@context":"https:\/\/schema.org","@graph":[{"@type":"WebPage","@id":"https:\/\/www.taborcernypotok.cz\/detsky-tabor\/2021\/06\/17\/upozorneni-pro-taborniky-cestne-prohlaseni-covid\/","url":"https:\/\/www.taborcernypotok.cz\/detsky-tabor\/2021\/06\/17\/upozorneni-pro-taborniky-cestne-prohlaseni-covid\/","name":"UPOZORN\u011aN\u00cd: PRO T\u00c1BORN\u00cdKY \u201e\u010cESTN\u00c9 PROHL\u00c1\u0160EN\u00cd COVID\u201c - D\u011btsk\u00fd T\u00e1bor \u010cern\u00fd Potok","isPartOf":{"@id":"https:\/\/www.taborcernypotok.cz\/detsky-tabor\/#website"},"primaryImageOfPage":{"@id":"https:\/\/www.taborcernypotok.cz\/detsky-tabor\/2021\/06\/17\/upozorneni-pro-taborniky-cestne-prohlaseni-covid\/#primaryimage"},"image":{"@id":"https:\/\/www.taborcernypotok.cz\/detsky-tabor\/2021\/06\/17\/upozorneni-pro-taborniky-cestne-prohlaseni-covid\/#primaryimage"},"thumbnailUrl":"https:\/\/www.taborcernypotok.cz\/detsky-tabor\/wp-content\/uploads\/sites\/2\/2021\/06\/warning-yellow-001-300x169.png","datePublished":"2021-06-17T07:52:08+00:00","dateModified":"2021-06-17T07:59:59+00:00","author":{"@id":"https:\/\/www.taborcernypotok.cz\/detsky-tabor\/#\/schema\/person\/2b4432730684eaa63b88c312fd7506dc"},"breadcrumb":{"@id":"https:\/\/www.taborcernypotok.cz\/detsky-tabor\/2021\/06\/17\/upozorneni-pro-taborniky-cestne-prohlaseni-covid\/#breadcrumb"},"inLanguage":"cs","potentialAction":[{"@type":"ReadAction","target":["https:\/\/www.taborcernypotok.cz\/detsky-tabor\/2021\/06\/17\/upozorneni-pro-taborniky-cestne-prohlaseni-covid\/"]}]},{"@type":"ImageObject","inLanguage":"cs","@id":"https:\/\/www.taborcernypotok.cz\/detsky-tabor\/2021\/06\/17\/upozorneni-pro-taborniky-cestne-prohlaseni-covid\/#primaryimage","url":"https:\/\/www.taborcernypotok.cz\/detsky-tabor\/wp-content\/uploads\/sites\/2\/2021\/06\/warning-yellow-001.png","contentUrl":"https:\/\/www.taborcernypotok.cz\/detsky-tabor\/wp-content\/uploads\/sites\/2\/2021\/06\/warning-yellow-001.png","width":1920,"height":1080},{"@type":"BreadcrumbList","@id":"https:\/\/www.taborcernypotok.cz\/detsky-tabor\/2021\/06\/17\/upozorneni-pro-taborniky-cestne-prohlaseni-covid\/#breadcrumb","itemListElement":[{"@type":"ListItem","position":1,"name":"Dom\u016f","item":"https:\/\/www.taborcernypotok.cz\/detsky-tabor\/"},{"@type":"ListItem","position":2,"name":"UPOZORN\u011aN\u00cd: PRO T\u00c1BORN\u00cdKY \u201e\u010cESTN\u00c9 PROHL\u00c1\u0160EN\u00cd COVID\u201c"}]},{"@type":"WebSite","@id":"https:\/\/www.taborcernypotok.cz\/detsky-tabor\/#website","url":"https:\/\/www.taborcernypotok.cz\/detsky-tabor\/","name":"D\u011btsk\u00fd T\u00e1bor \u010cern\u00fd Potok","description":"D\u011btsk\u00e9 t\u00e1bory Rychlebsk\u00e9 Hory","potentialAction":[{"@type":"SearchAction","target":{"@type":"EntryPoint","urlTemplate":"https:\/\/www.taborcernypotok.cz\/detsky-tabor\/?s={search_term_string}"},"query-input":{"@type":"PropertyValueSpecification","valueRequired":true,"valueName":"search_term_string"}}],"inLanguage":"cs"},{"@type":"Person","@id":"https:\/\/www.taborcernypotok.cz\/detsky-tabor\/#\/schema\/person\/2b4432730684eaa63b88c312fd7506dc","name":"taborcernypotok","image":{"@type":"ImageObject","inLanguage":"cs","@id":"https:\/\/www.taborcernypotok.cz\/detsky-tabor\/#\/schema\/person\/image\/","url":"https:\/\/secure.gravatar.com\/avatar\/bd55e713f7a75e9335f179d7ba784940d8a6f4ac6fdf3475a9326f8f9e53f441?s=96&d=mm&r=g","contentUrl":"https:\/\/secure.gravatar.com\/avatar\/bd55e713f7a75e9335f179d7ba784940d8a6f4ac6fdf3475a9326f8f9e53f441?s=96&d=mm&r=g","caption":"taborcernypotok"},"url":"https:\/\/www.taborcernypotok.cz\/detsky-tabor\/author\/taborcernypotok\/"}]}},"_links":{"self":[{"href":"https:\/\/www.taborcernypotok.cz\/detsky-tabor\/wp-json\/wp\/v2\/posts\/6179","targetHints":{"allow":["GET"]}}],"collection":[{"href":"https:\/\/www.taborcernypotok.cz\/detsky-tabor\/wp-json\/wp\/v2\/posts"}],"about":[{"href":"https:\/\/www.taborcernypotok.cz\/detsky-tabor\/wp-json\/wp\/v2\/types\/post"}],"author":[{"embeddable":true,"href":"https:\/\/www.taborcernypotok.cz\/detsky-tabor\/wp-json\/wp\/v2\/users\/1"}],"replies":[{"embeddable":true,"href":"https:\/\/www.taborcernypotok.cz\/detsky-tabor\/wp-json\/wp\/v2\/comments?post=6179"}],"version-history":[{"count":6,"href":"https:\/\/www.taborcernypotok.cz\/detsky-tabor\/wp-json\/wp\/v2\/posts\/6179\/revisions"}],"predecessor-version":[{"id":6187,"href":"https:\/\/www.taborcernypotok.cz\/detsky-tabor\/wp-json\/wp\/v2\/posts\/6179\/revisions\/6187"}],"wp:attachment":[{"href":"https:\/\/www.taborcernypotok.cz\/detsky-tabor\/wp-json\/wp\/v2\/media?parent=6179"}],"wp:term":[{"taxonomy":"category","embeddable":true,"href":"https:\/\/www.taborcernypotok.cz\/detsky-tabor\/wp-json\/wp\/v2\/categories?post=6179"},{"taxonomy":"post_tag","embeddable":true,"href":"https:\/\/www.taborcernypotok.cz\/detsky-tabor\/wp-json\/wp\/v2\/tags?post=6179"}],"curies":[{"name":"wp","href":"https:\/\/api.w.org\/{rel}","templated":true}]}}