{"id":8086,"date":"2023-02-02T11:25:16","date_gmt":"2023-02-02T10:25:16","guid":{"rendered":"https:\/\/www.taborcernypotok.cz\/detsky-tabor\/?p=8086"},"modified":"2023-02-02T11:25:18","modified_gmt":"2023-02-02T10:25:18","slug":"terminy-letnich-taboru-2023","status":"publish","type":"post","link":"https:\/\/www.taborcernypotok.cz\/detsky-tabor\/2023\/02\/02\/terminy-letnich-taboru-2023\/","title":{"rendered":"TERM\u00cdNY LETN\u00cdCH T\u00c1BOR\u016e 2023"},"content":{"rendered":"\n<p><\/p>\n\n\n\n<p>P\u0159\u00e1tel\u00e9 \u2013 kamar\u00e1di,<\/p>\n\n\n\n<p>abyste si mohli napl\u00e1novat pr\u00e1zdniny, zve\u0159ej\u0148ujeme term\u00edny leto\u0161n\u00edch turnus\u016f.<\/p>\n\n\n\n<p>Samotn\u00e1 t\u00e9mata jednotliv\u00fdch turnus\u016f a p\u0159ihla\u0161ov\u00e1n\u00ed objev\u00edte na na\u0161ich str\u00e1nk\u00e1ch tradi\u010dn\u011b\u00a0<strong>1. b\u0159ezna 2023<\/strong>.\u00a0<\/p>\n\n\n\n<p>0. turnus LI\u0160KA (Letn\u00ed instruktorsk\u00e1 \u0161kola) v\u011bk 16+, term\u00edn\u00a0<strong>25.6.-1.7.2023<\/strong><\/p>\n\n\n\n<p>1. turnus v\u011bk 9-12 let, term\u00edn\u00a0<strong>2.-9.7.2023<\/strong><\/p>\n\n\n\n<p>2. turnus v\u011bk 9-12 let, term\u00edn\u00a0<strong>9.-16.7.2023<\/strong><\/p>\n\n\n\n<p>3.turnus baseballov\u00fd t\u00e1bor v\u011bk 8-13 let, term\u00edn\u00a0<strong>16.-23.7.2023<\/strong><\/p>\n\n\n\n<p>4. turnus v\u011bk 13-16 let, term\u00edn\u00a0<strong>6.-13.8.2023<\/strong><\/p>\n\n\n\n<p>5. turnus v\u011bk 6-8 let, term\u00edn\u00a0<strong>13.-19.8.2023<\/strong><\/p>\n\n\n\n<p>6. turnus rodi\u010de s d\u011btmi 5-12 let, term\u00edn\u00a0<strong>26.-31.8.2023<\/strong>.\u00a0<\/p>\n\n\n\n<p>V jedn\u00e1n\u00ed je term\u00edn <strong>20.-26.8.2023<\/strong>, kter\u00fd m\u00e1me jako rezervu pro mo\u017en\u00fd dal\u0161\u00ed turnus.<\/p>\n","protected":false},"excerpt":{"rendered":"<p>P\u0159\u00e1tel\u00e9 \u2013 kamar\u00e1di, abyste si mohli napl\u00e1novat pr\u00e1zdniny, zve\u0159ej\u0148ujeme term\u00edny leto\u0161n\u00edch turnus\u016f. Samotn\u00e1 t\u00e9mata jednotliv\u00fdch turnus\u016f a p\u0159ihla\u0161ov\u00e1n\u00ed objev\u00edte na na\u0161ich str\u00e1nk\u00e1ch tradi\u010dn\u011b\u00a01. b\u0159ezna 2023.\u00a0 0. turnus LI\u0160KA (Letn\u00ed instruktorsk\u00e1 \u0161kola) v\u011bk 16+, term\u00edn\u00a025.6.-1.7.2023 1. turnus v\u011bk 9-12 let, term\u00edn\u00a02.-9.7.2023 2. turnus v\u011bk 9-12 let, term\u00edn\u00a09.-16.7.2023 3.turnus baseballov\u00fd t\u00e1bor v\u011bk 8-13 let, term\u00edn\u00a016.-23.7.2023 4. turnus\u2026<\/p>\n","protected":false},"author":3,"featured_media":0,"comment_status":"closed","ping_status":"open","sticky":false,"template":"","format":"standard","meta":{"footnotes":""},"categories":[1],"tags":[],"class_list":["post-8086","post","type-post","status-publish","format-standard","hentry","category-nezarazene"],"yoast_head":"<!-- This site is optimized with the Yoast SEO plugin v26.5 - https:\/\/yoast.com\/wordpress\/plugins\/seo\/ -->\n<title>TERM\u00cdNY LETN\u00cdCH T\u00c1BOR\u016e 2023 - D\u011btsk\u00fd T\u00e1bor \u010cern\u00fd Potok<\/title>\n<meta name=\"robots\" content=\"index, follow, max-snippet:-1, max-image-preview:large, max-video-preview:-1\" \/>\n<link rel=\"canonical\" href=\"https:\/\/www.taborcernypotok.cz\/detsky-tabor\/2023\/02\/02\/terminy-letnich-taboru-2023\/\" \/>\n<meta property=\"og:locale\" content=\"cs_CZ\" \/>\n<meta property=\"og:type\" content=\"article\" \/>\n<meta property=\"og:title\" content=\"TERM\u00cdNY LETN\u00cdCH T\u00c1BOR\u016e 2023 - D\u011btsk\u00fd T\u00e1bor \u010cern\u00fd Potok\" \/>\n<meta property=\"og:description\" content=\"P\u0159\u00e1tel\u00e9 \u2013 kamar\u00e1di, abyste si mohli napl\u00e1novat pr\u00e1zdniny, zve\u0159ej\u0148ujeme term\u00edny leto\u0161n\u00edch turnus\u016f. Samotn\u00e1 t\u00e9mata jednotliv\u00fdch turnus\u016f a p\u0159ihla\u0161ov\u00e1n\u00ed objev\u00edte na na\u0161ich str\u00e1nk\u00e1ch tradi\u010dn\u011b\u00a01. b\u0159ezna 2023.\u00a0 0. turnus LI\u0160KA (Letn\u00ed instruktorsk\u00e1 \u0161kola) v\u011bk 16+, term\u00edn\u00a025.6.-1.7.2023 1. turnus v\u011bk 9-12 let, term\u00edn\u00a02.-9.7.2023 2. turnus v\u011bk 9-12 let, term\u00edn\u00a09.-16.7.2023 3.turnus baseballov\u00fd t\u00e1bor v\u011bk 8-13 let, term\u00edn\u00a016.-23.7.2023 4. turnus\u2026\" \/>\n<meta property=\"og:url\" content=\"https:\/\/www.taborcernypotok.cz\/detsky-tabor\/2023\/02\/02\/terminy-letnich-taboru-2023\/\" \/>\n<meta property=\"og:site_name\" content=\"D\u011btsk\u00fd T\u00e1bor \u010cern\u00fd Potok\" \/>\n<meta property=\"article:published_time\" content=\"2023-02-02T10:25:16+00:00\" \/>\n<meta property=\"article:modified_time\" content=\"2023-02-02T10:25:18+00:00\" \/>\n<meta name=\"author\" content=\"evaar\" \/>\n<meta name=\"twitter:card\" content=\"summary_large_image\" \/>\n<meta name=\"twitter:label1\" content=\"Napsal(a)\" \/>\n\t<meta name=\"twitter:data1\" content=\"evaar\" \/>\n\t<meta name=\"twitter:label2\" content=\"Odhadovan\u00e1 doba \u010dten\u00ed\" \/>\n\t<meta name=\"twitter:data2\" content=\"1 minuta\" \/>\n<script type=\"application\/ld+json\" class=\"yoast-schema-graph\">{\"@context\":\"https:\/\/schema.org\",\"@graph\":[{\"@type\":\"WebPage\",\"@id\":\"https:\/\/www.taborcernypotok.cz\/detsky-tabor\/2023\/02\/02\/terminy-letnich-taboru-2023\/\",\"url\":\"https:\/\/www.taborcernypotok.cz\/detsky-tabor\/2023\/02\/02\/terminy-letnich-taboru-2023\/\",\"name\":\"TERM\u00cdNY LETN\u00cdCH T\u00c1BOR\u016e 2023 - D\u011btsk\u00fd T\u00e1bor \u010cern\u00fd Potok\",\"isPartOf\":{\"@id\":\"https:\/\/www.taborcernypotok.cz\/detsky-tabor\/#website\"},\"datePublished\":\"2023-02-02T10:25:16+00:00\",\"dateModified\":\"2023-02-02T10:25:18+00:00\",\"author\":{\"@id\":\"https:\/\/www.taborcernypotok.cz\/detsky-tabor\/#\/schema\/person\/f57ded50876a9e901772d80e7eb6fbe5\"},\"breadcrumb\":{\"@id\":\"https:\/\/www.taborcernypotok.cz\/detsky-tabor\/2023\/02\/02\/terminy-letnich-taboru-2023\/#breadcrumb\"},\"inLanguage\":\"cs\",\"potentialAction\":[{\"@type\":\"ReadAction\",\"target\":[\"https:\/\/www.taborcernypotok.cz\/detsky-tabor\/2023\/02\/02\/terminy-letnich-taboru-2023\/\"]}]},{\"@type\":\"BreadcrumbList\",\"@id\":\"https:\/\/www.taborcernypotok.cz\/detsky-tabor\/2023\/02\/02\/terminy-letnich-taboru-2023\/#breadcrumb\",\"itemListElement\":[{\"@type\":\"ListItem\",\"position\":1,\"name\":\"Dom\u016f\",\"item\":\"https:\/\/www.taborcernypotok.cz\/detsky-tabor\/\"},{\"@type\":\"ListItem\",\"position\":2,\"name\":\"TERM\u00cdNY LETN\u00cdCH T\u00c1BOR\u016e 2023\"}]},{\"@type\":\"WebSite\",\"@id\":\"https:\/\/www.taborcernypotok.cz\/detsky-tabor\/#website\",\"url\":\"https:\/\/www.taborcernypotok.cz\/detsky-tabor\/\",\"name\":\"D\u011btsk\u00fd T\u00e1bor \u010cern\u00fd Potok\",\"description\":\"D\u011btsk\u00e9 t\u00e1bory Rychlebsk\u00e9 Hory\",\"potentialAction\":[{\"@type\":\"SearchAction\",\"target\":{\"@type\":\"EntryPoint\",\"urlTemplate\":\"https:\/\/www.taborcernypotok.cz\/detsky-tabor\/?s={search_term_string}\"},\"query-input\":{\"@type\":\"PropertyValueSpecification\",\"valueRequired\":true,\"valueName\":\"search_term_string\"}}],\"inLanguage\":\"cs\"},{\"@type\":\"Person\",\"@id\":\"https:\/\/www.taborcernypotok.cz\/detsky-tabor\/#\/schema\/person\/f57ded50876a9e901772d80e7eb6fbe5\",\"name\":\"evaar\",\"image\":{\"@type\":\"ImageObject\",\"inLanguage\":\"cs\",\"@id\":\"https:\/\/www.taborcernypotok.cz\/detsky-tabor\/#\/schema\/person\/image\/\",\"url\":\"https:\/\/secure.gravatar.com\/avatar\/36e70a36f5226a21e1daeaa2dd3d5889b7aa515ab96bd592f691c81debd82d93?s=96&d=mm&r=g\",\"contentUrl\":\"https:\/\/secure.gravatar.com\/avatar\/36e70a36f5226a21e1daeaa2dd3d5889b7aa515ab96bd592f691c81debd82d93?s=96&d=mm&r=g\",\"caption\":\"evaar\"},\"url\":\"https:\/\/www.taborcernypotok.cz\/detsky-tabor\/author\/evaar\/\"}]}<\/script>\n<!-- \/ Yoast SEO plugin. -->","yoast_head_json":{"title":"TERM\u00cdNY LETN\u00cdCH T\u00c1BOR\u016e 2023 - D\u011btsk\u00fd T\u00e1bor \u010cern\u00fd Potok","robots":{"index":"index","follow":"follow","max-snippet":"max-snippet:-1","max-image-preview":"max-image-preview:large","max-video-preview":"max-video-preview:-1"},"canonical":"https:\/\/www.taborcernypotok.cz\/detsky-tabor\/2023\/02\/02\/terminy-letnich-taboru-2023\/","og_locale":"cs_CZ","og_type":"article","og_title":"TERM\u00cdNY LETN\u00cdCH T\u00c1BOR\u016e 2023 - D\u011btsk\u00fd T\u00e1bor \u010cern\u00fd Potok","og_description":"P\u0159\u00e1tel\u00e9 \u2013 kamar\u00e1di, abyste si mohli napl\u00e1novat pr\u00e1zdniny, zve\u0159ej\u0148ujeme term\u00edny leto\u0161n\u00edch turnus\u016f. Samotn\u00e1 t\u00e9mata jednotliv\u00fdch turnus\u016f a p\u0159ihla\u0161ov\u00e1n\u00ed objev\u00edte na na\u0161ich str\u00e1nk\u00e1ch tradi\u010dn\u011b\u00a01. b\u0159ezna 2023.\u00a0 0. turnus LI\u0160KA (Letn\u00ed instruktorsk\u00e1 \u0161kola) v\u011bk 16+, term\u00edn\u00a025.6.-1.7.2023 1. turnus v\u011bk 9-12 let, term\u00edn\u00a02.-9.7.2023 2. turnus v\u011bk 9-12 let, term\u00edn\u00a09.-16.7.2023 3.turnus baseballov\u00fd t\u00e1bor v\u011bk 8-13 let, term\u00edn\u00a016.-23.7.2023 4. turnus\u2026","og_url":"https:\/\/www.taborcernypotok.cz\/detsky-tabor\/2023\/02\/02\/terminy-letnich-taboru-2023\/","og_site_name":"D\u011btsk\u00fd T\u00e1bor \u010cern\u00fd Potok","article_published_time":"2023-02-02T10:25:16+00:00","article_modified_time":"2023-02-02T10:25:18+00:00","author":"evaar","twitter_card":"summary_large_image","twitter_misc":{"Napsal(a)":"evaar","Odhadovan\u00e1 doba \u010dten\u00ed":"1 minuta"},"schema":{"@context":"https:\/\/schema.org","@graph":[{"@type":"WebPage","@id":"https:\/\/www.taborcernypotok.cz\/detsky-tabor\/2023\/02\/02\/terminy-letnich-taboru-2023\/","url":"https:\/\/www.taborcernypotok.cz\/detsky-tabor\/2023\/02\/02\/terminy-letnich-taboru-2023\/","name":"TERM\u00cdNY LETN\u00cdCH T\u00c1BOR\u016e 2023 - D\u011btsk\u00fd T\u00e1bor \u010cern\u00fd Potok","isPartOf":{"@id":"https:\/\/www.taborcernypotok.cz\/detsky-tabor\/#website"},"datePublished":"2023-02-02T10:25:16+00:00","dateModified":"2023-02-02T10:25:18+00:00","author":{"@id":"https:\/\/www.taborcernypotok.cz\/detsky-tabor\/#\/schema\/person\/f57ded50876a9e901772d80e7eb6fbe5"},"breadcrumb":{"@id":"https:\/\/www.taborcernypotok.cz\/detsky-tabor\/2023\/02\/02\/terminy-letnich-taboru-2023\/#breadcrumb"},"inLanguage":"cs","potentialAction":[{"@type":"ReadAction","target":["https:\/\/www.taborcernypotok.cz\/detsky-tabor\/2023\/02\/02\/terminy-letnich-taboru-2023\/"]}]},{"@type":"BreadcrumbList","@id":"https:\/\/www.taborcernypotok.cz\/detsky-tabor\/2023\/02\/02\/terminy-letnich-taboru-2023\/#breadcrumb","itemListElement":[{"@type":"ListItem","position":1,"name":"Dom\u016f","item":"https:\/\/www.taborcernypotok.cz\/detsky-tabor\/"},{"@type":"ListItem","position":2,"name":"TERM\u00cdNY LETN\u00cdCH T\u00c1BOR\u016e 2023"}]},{"@type":"WebSite","@id":"https:\/\/www.taborcernypotok.cz\/detsky-tabor\/#website","url":"https:\/\/www.taborcernypotok.cz\/detsky-tabor\/","name":"D\u011btsk\u00fd T\u00e1bor \u010cern\u00fd Potok","description":"D\u011btsk\u00e9 t\u00e1bory Rychlebsk\u00e9 Hory","potentialAction":[{"@type":"SearchAction","target":{"@type":"EntryPoint","urlTemplate":"https:\/\/www.taborcernypotok.cz\/detsky-tabor\/?s={search_term_string}"},"query-input":{"@type":"PropertyValueSpecification","valueRequired":true,"valueName":"search_term_string"}}],"inLanguage":"cs"},{"@type":"Person","@id":"https:\/\/www.taborcernypotok.cz\/detsky-tabor\/#\/schema\/person\/f57ded50876a9e901772d80e7eb6fbe5","name":"evaar","image":{"@type":"ImageObject","inLanguage":"cs","@id":"https:\/\/www.taborcernypotok.cz\/detsky-tabor\/#\/schema\/person\/image\/","url":"https:\/\/secure.gravatar.com\/avatar\/36e70a36f5226a21e1daeaa2dd3d5889b7aa515ab96bd592f691c81debd82d93?s=96&d=mm&r=g","contentUrl":"https:\/\/secure.gravatar.com\/avatar\/36e70a36f5226a21e1daeaa2dd3d5889b7aa515ab96bd592f691c81debd82d93?s=96&d=mm&r=g","caption":"evaar"},"url":"https:\/\/www.taborcernypotok.cz\/detsky-tabor\/author\/evaar\/"}]}},"_links":{"self":[{"href":"https:\/\/www.taborcernypotok.cz\/detsky-tabor\/wp-json\/wp\/v2\/posts\/8086","targetHints":{"allow":["GET"]}}],"collection":[{"href":"https:\/\/www.taborcernypotok.cz\/detsky-tabor\/wp-json\/wp\/v2\/posts"}],"about":[{"href":"https:\/\/www.taborcernypotok.cz\/detsky-tabor\/wp-json\/wp\/v2\/types\/post"}],"author":[{"embeddable":true,"href":"https:\/\/www.taborcernypotok.cz\/detsky-tabor\/wp-json\/wp\/v2\/users\/3"}],"replies":[{"embeddable":true,"href":"https:\/\/www.taborcernypotok.cz\/detsky-tabor\/wp-json\/wp\/v2\/comments?post=8086"}],"version-history":[{"count":1,"href":"https:\/\/www.taborcernypotok.cz\/detsky-tabor\/wp-json\/wp\/v2\/posts\/8086\/revisions"}],"predecessor-version":[{"id":8087,"href":"https:\/\/www.taborcernypotok.cz\/detsky-tabor\/wp-json\/wp\/v2\/posts\/8086\/revisions\/8087"}],"wp:attachment":[{"href":"https:\/\/www.taborcernypotok.cz\/detsky-tabor\/wp-json\/wp\/v2\/media?parent=8086"}],"wp:term":[{"taxonomy":"category","embeddable":true,"href":"https:\/\/www.taborcernypotok.cz\/detsky-tabor\/wp-json\/wp\/v2\/categories?post=8086"},{"taxonomy":"post_tag","embeddable":true,"href":"https:\/\/www.taborcernypotok.cz\/detsky-tabor\/wp-json\/wp\/v2\/tags?post=8086"}],"curies":[{"name":"wp","href":"https:\/\/api.w.org\/{rel}","templated":true}]}}